{"id":10203,"date":"2021-10-04T17:14:34","date_gmt":"2021-10-04T17:14:34","guid":{"rendered":"https:\/\/www.ibermusicas.org\/?p=10203"},"modified":"2021-11-01T19:02:42","modified_gmt":"2021-11-01T19:02:42","slug":"a-cantora-uruguaia-diane-denoir-se-apresentara-na-casa-america-catalunya-espanha","status":"publish","type":"post","link":"https:\/\/www.ibermusicas.org\/index.php\/a-cantora-uruguaia-diane-denoir-se-apresentara-na-casa-america-catalunya-espanha\/","title":{"rendered":"A cantora uruguaia Diane Denoir se apresentar\u00e1 na Casa Am\u00e8rica Catalunya, Espanha"},"content":{"rendered":"<p>Diane Denoir \u00e9 uma refer\u00eancia imprescind\u00edvel quando se fala de m\u00fasica popular e de vanguarda uruguaia. \u00c9 por antonom\u00e1sia a pioneira da can\u00e7\u00e3o urbana. Come\u00e7a como cantora nos vanguardistas Concertos Beat no prestigioso Teatro Sol\u00eds de Montevid\u00e9u, junto a um trio liderado pelo grande Eduardo Mateo, sendo a \u00fanica mulher a conformar a importante corrente musical de Candombe Beat no final dos anos 60 propondo um repert\u00f3rio que reunia bossa-nova, chanson fran\u00e7aise, temas de Boris Vian, rock e poemas musicais.<\/p>\n<p>O fato de trabalhar ao lado de Eduardo Mateo, que comp\u00f4s para ela muitas can\u00e7\u00f5es que hoje se tornaram cl\u00e1ssicas (Hoje eu te vi, Essa tristeza, Melhor eu vou) potencializou notoriamente sua presen\u00e7a e originalidade nos cen\u00e1rios.<\/p>\n<p>Sua inconfund\u00edvel voz a transformou em uma cantora de culto n\u00e3o s\u00f3 em seu pa\u00eds mas tamb\u00e9m na Argentina, Jap\u00e3o, Estados Unidos e Espanha.<\/p>\n<p>Por outro lado, v\u00e1rias de suas composi\u00e7\u00f5es transcenderam fronteiras, como \u00e9 o caso de \u00abComo um p\u00e1ssaro livre\u00bb em co-autoria com Adela Gleijer, que percorreu o mundo atrav\u00e9s da voz inigual\u00e1vel de Mercedes Sosa.<\/p>\n<p>Diane Denoir tem musicalizado v\u00e1rios poetas latino-americanos, mas \u00e9 significativa a sua rela\u00e7\u00e3o pr\u00f3xima com Mario Benedetti que ao longo de sua estreita amizade dedicou-lhe v\u00e1rios poemas especialmente, alguns deles que fazem parte de seu repert\u00f3rio.<\/p>\n<p>Em sua apresenta\u00e7\u00e3o em Barcelona, Diane Denoir ser\u00e1 acompanhada por um trio de m\u00fasicos virtuosos. Em arranjos, dire\u00e7\u00e3o musical, guitarra e baixo, Daniel Lobito Lagarde, de ampla e reconhecida trajet\u00f3ria, integrante de Totem, grupo ic\u00f4nico do candombe beat; na percuss\u00e3o, Alvarito P\u00e9rez; e no contrabaixo e baixo, Antonino Restuccia.<\/p>\n<p>Quinta-feira 30 de setembro \u00e0s 19:30 hs: oficina de candombe, candombe beat e jazz candombe no Ateneu Flor de Maig (c\/ Dr. Trueta 195. Barrio del Poble Nou. Barcelona).<\/p>\n<p>Sexta-feira 1 de outubro, 20:00 hs: concerto em Casa Am\u00e8rica Catalunya. .<\/p>\n","protected":false},"excerpt":{"rendered":"<p>Diane Denoir \u00e9 uma refer\u00eancia imprescind\u00edvel quando se fala de m\u00fasica popular e de vanguarda uruguaia. \u00c9 por antonom\u00e1sia a pioneira da can\u00e7\u00e3o urbana. Come\u00e7a como cantora nos vanguardistas Concertos Beat no prestigioso Teatro Sol\u00eds de Montevid\u00e9u, junto a um trio liderado pelo grande Eduardo Mateo, sendo a \u00fanica mulher a conformar a importante corrente [&hellip;]<\/p>\n","protected":false},"author":1,"featured_media":10201,"comment_status":"closed","ping_status":"closed","sticky":false,"template":"","format":"standard","meta":{"_monsterinsights_skip_tracking":false,"_monsterinsights_sitenote_active":false,"_monsterinsights_sitenote_note":"","_monsterinsights_sitenote_category":0,"footnotes":""},"categories":[218],"tags":[],"class_list":["post-10203","post","type-post","status-publish","format-standard","has-post-thumbnail","hentry","category-noticias-generales-pt"],"lang":"pt","translations":{"pt":10203,"es":10200},"pll_sync_post":[],"post_mailing_queue_ids":[],"_links":{"self":[{"href":"https:\/\/www.ibermusicas.org\/index.php\/wp-json\/wp\/v2\/posts\/10203","targetHints":{"allow":["GET"]}}],"collection":[{"href":"https:\/\/www.ibermusicas.org\/index.php\/wp-json\/wp\/v2\/posts"}],"about":[{"href":"https:\/\/www.ibermusicas.org\/index.php\/wp-json\/wp\/v2\/types\/post"}],"author":[{"embeddable":true,"href":"https:\/\/www.ibermusicas.org\/index.php\/wp-json\/wp\/v2\/users\/1"}],"replies":[{"embeddable":true,"href":"https:\/\/www.ibermusicas.org\/index.php\/wp-json\/wp\/v2\/comments?post=10203"}],"version-history":[{"count":0,"href":"https:\/\/www.ibermusicas.org\/index.php\/wp-json\/wp\/v2\/posts\/10203\/revisions"}],"wp:featuredmedia":[{"embeddable":true,"href":"https:\/\/www.ibermusicas.org\/index.php\/wp-json\/wp\/v2\/media\/10201"}],"wp:attachment":[{"href":"https:\/\/www.ibermusicas.org\/index.php\/wp-json\/wp\/v2\/media?parent=10203"}],"wp:term":[{"taxonomy":"category","embeddable":true,"href":"https:\/\/www.ibermusicas.org\/index.php\/wp-json\/wp\/v2\/categories?post=10203"},{"taxonomy":"post_tag","embeddable":true,"href":"https:\/\/www.ibermusicas.org\/index.php\/wp-json\/wp\/v2\/tags?post=10203"}],"curies":[{"name":"wp","href":"https:\/\/api.w.org\/{rel}","templated":true}]}}