{"id":10389,"date":"2021-10-20T13:57:44","date_gmt":"2021-10-20T13:57:44","guid":{"rendered":"https:\/\/www.ibermusicas.org\/?p=10389"},"modified":"2021-11-01T19:00:29","modified_gmt":"2021-11-01T19:00:29","slug":"um-concerto-do-grupo-brasileiro-barbatuques-sera-o-numero-de-encerramento-do-terceiro-encontro-de-musica-corporal-do-uruguai","status":"publish","type":"post","link":"https:\/\/www.ibermusicas.org\/index.php\/um-concerto-do-grupo-brasileiro-barbatuques-sera-o-numero-de-encerramento-do-terceiro-encontro-de-musica-corporal-do-uruguai\/","title":{"rendered":"Um concerto do grupo brasileiro Barbatuques ser\u00e1 o n\u00famero de encerramento do Terceiro Encontro de M\u00fasica Corporal do Uruguai"},"content":{"rendered":"<p>Fundado em 1995, o grupo musical paulistano Barbatuques desenvolveu ao longo de sua trajet\u00f3ria uma abordagem \u00fanica da m\u00fasica corporal atrav\u00e9s de suas composi\u00e7\u00f5es, t\u00e9cnicas, explora\u00e7\u00e3o de timbres e procedimentos criativos.A partir de pesquisas e cria\u00e7\u00f5es de Fernando Barba e tamb\u00e9m de seu contato com o musico St\u00eanio Mendes, o Barbatuques deu origem a diferentes t\u00e9cnicas de percuss\u00e3o corporal, percuss\u00e3o vocal, sapateado e improvisa\u00e7\u00e3o musical, desenvolvidas em suas experi\u00eancias coletivas e somadas \u00e0 bagagem individual de seus integrantes.<\/p>\n<p>Com atividades presenciais e virtuais o coletivo BANDE M\u00fasica Corporal organiza o 3\u00ba Encontro de M\u00fasica Corporal do Uruguai.<\/p>\n<p>O Encontro de M\u00fasica Corporal surgiu em 2017 com o objetivo de gerar espa\u00e7os de interc\u00e2mbio, oficinas e espet\u00e1culos em torno da m\u00fasica e percuss\u00e3o corporal entendendo a m\u00fasica corporal como parte de um movimento, no qual se reflete sobre o corpo, a m\u00fasica, a arte. O encontro pretende ser um espa\u00e7o que abra as portas \u00e0 criatividade utilizando a m\u00fasica corporal como recurso did\u00e1tico e de express\u00e3o.<\/p>\n<p>S\u00e1bado 30 de outubro das 20:30 hs.<br \/>\n<a href=\"https:\/\/lt.mydplr.com\/b1b3abca39375642189c3a17d72b3b18-81868bec073b3970fa62af291f12b42d\" target=\"_blank\" rel=\"noopener\" data-saferedirecturl=\"https:\/\/www.google.com\/url?hl=es&amp;q=https:\/\/lt.mydplr.com\/b1b3abca39375642189c3a17d72b3b18-81868bec073b3970fa62af291f12b42d&amp;source=gmail&amp;ust=1634822534800000&amp;usg=AFQjCNGKhV0ia7XES_nmcS3hv-M9UCq39g\">youtube.com<\/a><\/p>\n","protected":false},"excerpt":{"rendered":"<p>Fundado em 1995, o grupo musical paulistano Barbatuques desenvolveu ao longo de sua trajet\u00f3ria uma abordagem \u00fanica da m\u00fasica corporal atrav\u00e9s de suas composi\u00e7\u00f5es, t\u00e9cnicas, explora\u00e7\u00e3o de timbres e procedimentos criativos.A partir de pesquisas e cria\u00e7\u00f5es de Fernando Barba e tamb\u00e9m de seu contato com o musico St\u00eanio Mendes, o Barbatuques deu origem a diferentes [&hellip;]<\/p>\n","protected":false},"author":1,"featured_media":10387,"comment_status":"closed","ping_status":"closed","sticky":false,"template":"","format":"standard","meta":{"_monsterinsights_skip_tracking":false,"_monsterinsights_sitenote_active":false,"_monsterinsights_sitenote_note":"","_monsterinsights_sitenote_category":0,"footnotes":""},"categories":[218],"tags":[],"class_list":["post-10389","post","type-post","status-publish","format-standard","has-post-thumbnail","hentry","category-noticias-generales-pt"],"lang":"pt","translations":{"pt":10389,"es":10386},"pll_sync_post":[],"post_mailing_queue_ids":[],"_links":{"self":[{"href":"https:\/\/www.ibermusicas.org\/index.php\/wp-json\/wp\/v2\/posts\/10389","targetHints":{"allow":["GET"]}}],"collection":[{"href":"https:\/\/www.ibermusicas.org\/index.php\/wp-json\/wp\/v2\/posts"}],"about":[{"href":"https:\/\/www.ibermusicas.org\/index.php\/wp-json\/wp\/v2\/types\/post"}],"author":[{"embeddable":true,"href":"https:\/\/www.ibermusicas.org\/index.php\/wp-json\/wp\/v2\/users\/1"}],"replies":[{"embeddable":true,"href":"https:\/\/www.ibermusicas.org\/index.php\/wp-json\/wp\/v2\/comments?post=10389"}],"version-history":[{"count":0,"href":"https:\/\/www.ibermusicas.org\/index.php\/wp-json\/wp\/v2\/posts\/10389\/revisions"}],"wp:featuredmedia":[{"embeddable":true,"href":"https:\/\/www.ibermusicas.org\/index.php\/wp-json\/wp\/v2\/media\/10387"}],"wp:attachment":[{"href":"https:\/\/www.ibermusicas.org\/index.php\/wp-json\/wp\/v2\/media?parent=10389"}],"wp:term":[{"taxonomy":"category","embeddable":true,"href":"https:\/\/www.ibermusicas.org\/index.php\/wp-json\/wp\/v2\/categories?post=10389"},{"taxonomy":"post_tag","embeddable":true,"href":"https:\/\/www.ibermusicas.org\/index.php\/wp-json\/wp\/v2\/tags?post=10389"}],"curies":[{"name":"wp","href":"https:\/\/api.w.org\/{rel}","templated":true}]}}