{"id":10490,"date":"2021-11-02T16:44:42","date_gmt":"2021-11-02T16:44:42","guid":{"rendered":"https:\/\/www.ibermusicas.org\/?p=10490"},"modified":"2021-12-03T19:14:16","modified_gmt":"2021-12-03T19:14:16","slug":"el-pianista-ecuatoriano-alejandro-rosero-presenta-su-proyecto-abya-yala-realizado-con-musicos-argentinos","status":"publish","type":"post","link":"https:\/\/www.ibermusicas.org\/index.php\/el-pianista-ecuatoriano-alejandro-rosero-presenta-su-proyecto-abya-yala-realizado-con-musicos-argentinos\/","title":{"rendered":"El pianista ecuatoriano Alejandro Rosero presenta su proyecto \u201cAbya Yala\u201d realizado con m\u00fasicos argentinos"},"content":{"rendered":"<p>Alejandro Rosero es un pianista, compositor y director musical ecuatoriano. Es un m\u00fasico activo de la escena de Jazz en Argentina, ha colaborado con reconocidos artistas de la escena local e internacional como: Gary Smulyan, Maxwell Acree, Barbie Martinez, Leonel de Francisco, Carlos Lastra, Rosa Nolly, en diversas agrupaciones, ensambles y orquestas, entre las que cabe mencionar a la \u201cManuel de Falla Big Band\u201d, \u201cKaiser Big Band\u201d, \u201cThe Swingsters Big Band\u201d, entre otras. Estudi\u00f3 piano cl\u00e1sico en el Conservatorio Franz Liszt de Quito-Ecuador, en el 2012 se traslad\u00f3 a Buenos Aires para continuar su formaci\u00f3n en piano y composici\u00f3n. Entre sus maestros se destacan los pianistas: Ernesto Jodos, Andr\u00e9s Beeuwsaert, Juan Carlos \u201cMono\u201d Fontana y el compositor Diego Taranto. En el 2017 ingres\u00f3 en la Carrera Superior de Jazz en el Conservatorio Superior Manuel de Falla y simult\u00e1neamente grab\u00f3 su primer EP con el Proyecto \u201cChali Project\u201d. En el 2018 fue seleccionado como pianista de la Big Band del Conservatorio Manuel de Falla y particip\u00f3 en el Festival Internacional de Jazz de Bs As. En el 2019 desempe\u00f1\u00f3 el puesto de pianista para las orquestas de la Compa\u00f1\u00eda Internacional Royal Caribbean y a inicios del 2020 recibi\u00f3 el cargo de Director Musical.<\/p>\n<p>Abya Yala es un \u00e1lbum que consta de seis temas in\u00e9ditos compuestos por Alejandro Rosero, que cont\u00f3 con la participaci\u00f3n de destacados m\u00fasicos de la escena de jazz argentino como Tomas Babjaczuk en bater\u00eda, Leonel Cejas en contrabajo, Juan Cruz de Urquiza en trompeta y el saxofonista brasile\u00f1o Gabriel Stern. Abya Yala incursiona en las ra\u00edces de la m\u00fasica afrodescendiente en conjunci\u00f3n con la tradici\u00f3n jazz\u00edstica de la d\u00e9cada del 70, el uso de elementos r\u00edtmicos y formales de la m\u00fasica africana y la improvisaci\u00f3n.<\/p>\n<p>Son parte de Abya Yala: Tomas Babjaczuk, Baterista, Argentina; Leonel Cejas, Contrabajista, Argentina; Gabriel Stern, saxofonista, flautista y compositor, Brasil; Juan Cruz de Urquiza, Trompetista, compositor y arreglador, Argentina.<\/p>\n<p><a href=\"https:\/\/lt.mydplr.com\/dbf5ea0bad8264937472c31b51db673a-81868bec073b3970fa62af291f12b42d\" target=\"_blank\" rel=\"noopener\" data-saferedirecturl=\"https:\/\/www.google.com\/url?q=https:\/\/lt.mydplr.com\/dbf5ea0bad8264937472c31b51db673a-81868bec073b3970fa62af291f12b42d&amp;source=gmail&amp;ust=1635957758030000&amp;usg=AFQjCNGxuMcCU9SBXAzuZIRpjqA8CQo0ug\">youtube.com<\/a><\/p>\n","protected":false},"excerpt":{"rendered":"<p>Alejandro Rosero es un pianista, compositor y director musical ecuatoriano. Es un m\u00fasico activo de la escena de Jazz en Argentina, ha colaborado con reconocidos artistas de la escena local e internacional como: Gary Smulyan, Maxwell Acree, Barbie Martinez, Leonel de Francisco, Carlos Lastra, Rosa Nolly, en diversas agrupaciones, ensambles y orquestas, entre las que [&hellip;]<\/p>\n","protected":false},"author":1,"featured_media":10491,"comment_status":"closed","ping_status":"closed","sticky":false,"template":"","format":"standard","meta":{"_monsterinsights_skip_tracking":false,"_monsterinsights_sitenote_active":false,"_monsterinsights_sitenote_note":"","_monsterinsights_sitenote_category":0,"footnotes":""},"categories":[53],"tags":[],"class_list":["post-10490","post","type-post","status-publish","format-standard","has-post-thumbnail","hentry","category-noticias-generales"],"lang":"es","translations":{"es":10490,"pt":10493},"pll_sync_post":[],"post_mailing_queue_ids":[],"_links":{"self":[{"href":"https:\/\/www.ibermusicas.org\/index.php\/wp-json\/wp\/v2\/posts\/10490","targetHints":{"allow":["GET"]}}],"collection":[{"href":"https:\/\/www.ibermusicas.org\/index.php\/wp-json\/wp\/v2\/posts"}],"about":[{"href":"https:\/\/www.ibermusicas.org\/index.php\/wp-json\/wp\/v2\/types\/post"}],"author":[{"embeddable":true,"href":"https:\/\/www.ibermusicas.org\/index.php\/wp-json\/wp\/v2\/users\/1"}],"replies":[{"embeddable":true,"href":"https:\/\/www.ibermusicas.org\/index.php\/wp-json\/wp\/v2\/comments?post=10490"}],"version-history":[{"count":0,"href":"https:\/\/www.ibermusicas.org\/index.php\/wp-json\/wp\/v2\/posts\/10490\/revisions"}],"wp:featuredmedia":[{"embeddable":true,"href":"https:\/\/www.ibermusicas.org\/index.php\/wp-json\/wp\/v2\/media\/10491"}],"wp:attachment":[{"href":"https:\/\/www.ibermusicas.org\/index.php\/wp-json\/wp\/v2\/media?parent=10490"}],"wp:term":[{"taxonomy":"category","embeddable":true,"href":"https:\/\/www.ibermusicas.org\/index.php\/wp-json\/wp\/v2\/categories?post=10490"},{"taxonomy":"post_tag","embeddable":true,"href":"https:\/\/www.ibermusicas.org\/index.php\/wp-json\/wp\/v2\/tags?post=10490"}],"curies":[{"name":"wp","href":"https:\/\/api.w.org\/{rel}","templated":true}]}}