{"id":10762,"date":"2021-11-16T18:58:12","date_gmt":"2021-11-16T18:58:12","guid":{"rendered":"https:\/\/www.ibermusicas.org\/?p=10762"},"modified":"2021-11-16T18:58:12","modified_gmt":"2021-11-16T18:58:12","slug":"mmf-latam-la-asociacion-latinoamericana-de-managers-musicales-anuncia-sus-proximas-actividades-virtuales","status":"publish","type":"post","link":"https:\/\/www.ibermusicas.org\/index.php\/mmf-latam-la-asociacion-latinoamericana-de-managers-musicales-anuncia-sus-proximas-actividades-virtuales\/","title":{"rendered":"MMF LATAM, la asociaci\u00f3n latinoamericana de managers musicales, anuncia sus pr\u00f3ximas actividades virtuales"},"content":{"rendered":"<p>MMF LATAM es la primera Asociaci\u00f3n Civil sin fines de lucro, fundada en el a\u00f1o 2014 que re\u00fane managers y agentes musicales de Latinoam\u00e9rica. Se crea en la ciudad de Medell\u00edn en el marco de la feria internacional de la m\u00fasica, Circulart, con representantes fundacionales de 12 pa\u00edses. Su sede administrativa se encuentra en Colombia.<br \/>\nFunciona como una red profesional internacional que lleva como principal objetivo representar los intereses colectivos de los managers y agentes musicales y sus artistas en Am\u00e9rica Latina. Hoy se compone por miembros de m\u00e1s de 15 pa\u00edses de latinoam\u00e9rica y forma parte de la IMMF (International Music Management Forum).<\/p>\n<p>En 2020, como resultante del contexto de confinamiento mundial producido por la pandemia del COVID 19, lanzaron un programa de capacitaci\u00f3n de 13 sesiones abiertas a lo largo de 4 meses donde participaron los m\u00e1s destacados y destacadas referentes de la industria musical independiente mundial y con una asistencia de m\u00e1s de 2000 personas del sector musical y cultural en general de 20 pa\u00edses de Latinoam\u00e9rica, Europa y Norteam\u00e9rica, convirti\u00e9ndose en tendencia entre las actividades que la escena musical de Latam produjo en un a\u00f1o inolvidable para el sector.<br \/>\nLas tem\u00e1ticas abordadas abarcan desde los desaf\u00edos de las agencias independientes, las pol\u00edticas p\u00fablicas con las que cuenta el sector en Iberoam\u00e9rica, visiones, estrategias y alianzas en el escenario actual musical y lo que sigue, formatos de equipo de trabajo, producci\u00f3n musical independiente, temas de derechos y recaudos, entre otros.<\/p>\n<p>El 16 de noviembre realizar\u00e1n un nuevo encuentro virtual sobre \u201cProcesos asociativos y gremialismo en la m\u00fasica\u201d y el 23 de noviembre ser\u00e1 el cierre del ciclo con un encuentro sobre \u201cCriptomonedas, NFTs y Contratos Inteligentes\u201d<\/p>\n<p>Inscripciones en:<a href=\"https:\/\/lt.mydplr.com\/6b1eb9cb8fbaacdad4cdf807d0e67965-81868bec073b3970fa62af291f12b42d\" target=\"_blank\" rel=\"noopener\" data-saferedirecturl=\"https:\/\/www.google.com\/url?q=https:\/\/lt.mydplr.com\/6b1eb9cb8fbaacdad4cdf807d0e67965-81868bec073b3970fa62af291f12b42d&amp;source=gmail&amp;ust=1637167710985000&amp;usg=AOvVaw2gbv9DTnGFR8Wj5MIkTXJL\">\u00a0www.mmf.la<\/a><\/p>\n","protected":false},"excerpt":{"rendered":"<p>MMF LATAM es la primera Asociaci\u00f3n Civil sin fines de lucro, fundada en el a\u00f1o 2014 que re\u00fane managers y agentes musicales de Latinoam\u00e9rica. Se crea en la ciudad de Medell\u00edn en el marco de la feria internacional de la m\u00fasica, Circulart, con representantes fundacionales de 12 pa\u00edses. Su sede administrativa se encuentra en Colombia. [&hellip;]<\/p>\n","protected":false},"author":1,"featured_media":10763,"comment_status":"closed","ping_status":"closed","sticky":false,"template":"","format":"standard","meta":{"_monsterinsights_skip_tracking":false,"_monsterinsights_sitenote_active":false,"_monsterinsights_sitenote_note":"","_monsterinsights_sitenote_category":0,"footnotes":""},"categories":[53],"tags":[],"class_list":["post-10762","post","type-post","status-publish","format-standard","has-post-thumbnail","hentry","category-noticias-generales"],"lang":"es","translations":{"es":10762,"pt":10765},"pll_sync_post":[],"post_mailing_queue_ids":[],"_links":{"self":[{"href":"https:\/\/www.ibermusicas.org\/index.php\/wp-json\/wp\/v2\/posts\/10762","targetHints":{"allow":["GET"]}}],"collection":[{"href":"https:\/\/www.ibermusicas.org\/index.php\/wp-json\/wp\/v2\/posts"}],"about":[{"href":"https:\/\/www.ibermusicas.org\/index.php\/wp-json\/wp\/v2\/types\/post"}],"author":[{"embeddable":true,"href":"https:\/\/www.ibermusicas.org\/index.php\/wp-json\/wp\/v2\/users\/1"}],"replies":[{"embeddable":true,"href":"https:\/\/www.ibermusicas.org\/index.php\/wp-json\/wp\/v2\/comments?post=10762"}],"version-history":[{"count":0,"href":"https:\/\/www.ibermusicas.org\/index.php\/wp-json\/wp\/v2\/posts\/10762\/revisions"}],"wp:featuredmedia":[{"embeddable":true,"href":"https:\/\/www.ibermusicas.org\/index.php\/wp-json\/wp\/v2\/media\/10763"}],"wp:attachment":[{"href":"https:\/\/www.ibermusicas.org\/index.php\/wp-json\/wp\/v2\/media?parent=10762"}],"wp:term":[{"taxonomy":"category","embeddable":true,"href":"https:\/\/www.ibermusicas.org\/index.php\/wp-json\/wp\/v2\/categories?post=10762"},{"taxonomy":"post_tag","embeddable":true,"href":"https:\/\/www.ibermusicas.org\/index.php\/wp-json\/wp\/v2\/tags?post=10762"}],"curies":[{"name":"wp","href":"https:\/\/api.w.org\/{rel}","templated":true}]}}