{"id":11053,"date":"2021-12-06T17:40:37","date_gmt":"2021-12-06T17:40:37","guid":{"rendered":"https:\/\/www.ibermusicas.org\/?p=11053"},"modified":"2021-12-06T17:40:37","modified_gmt":"2021-12-06T17:40:37","slug":"el-compositor-colombiano-juan-pablo-carreno-estrena-en-francia-una-de-sus-dos-obras-compuestas-durante-su-residencia-creativa-ibermusicas","status":"publish","type":"post","link":"https:\/\/www.ibermusicas.org\/index.php\/el-compositor-colombiano-juan-pablo-carreno-estrena-en-francia-una-de-sus-dos-obras-compuestas-durante-su-residencia-creativa-ibermusicas\/","title":{"rendered":"El compositor colombiano Juan Pablo Carre\u00f1o estrena en Francia una de sus dos obras compuestas durante su residencia creativa Iberm\u00fasicas"},"content":{"rendered":"<p>En la Maison de la Musique et de la Danse de Bagneaux tendr\u00e1 lugar el estreno de la obra creada por el compositor colombiano Juan Pablo Carre\u00f1o especialmente para XAMP, el d\u00fao franc\u00e9s de acordeones microtonales.<\/p>\n<p>Formado en Colombia, Estados Unidos y Francia, Juan Pablo Carre\u00f1o estudi\u00f3 composici\u00f3n en la Universidad Javeriana de Bogot\u00e1 con Guillermo Gaviria y Harold V\u00e1squez, donde se gradu\u00f3 en 2003. Ese mismo a\u00f1o recibi\u00f3 una beca de la Universidad Internacional de Florida en los Estados Unidos, donde realiz\u00f3 una Maestr\u00eda con Orlando Jacinto Garc\u00eda, y trabaj\u00f3 como profesor de teor\u00eda y composici\u00f3n. Al llegar a Par\u00eds, integr\u00f3 la clase de composici\u00f3n de Jean-Luc Herv\u00e9 en el Conservatorio de Nanterre. Diplomado en el Conservatorio de Par\u00eds en 2010, prosigue sus estudios de composici\u00f3n en la clase de G\u00e9rard Pesson. Particip\u00f3 de la Academia de Francia en Roma (Villa Medici) entre los a\u00f1os 2011-2013, tambi\u00e9n fue seleccionado en Nueva York para trabajar en 2012 como compositor en residencia del International Contemporary Ensemble en el programa ICELab. En 2006 gan\u00f3 el premio del programa de residencias art\u00edsticas del Ministerio de Cultura de Colombia y el Fonca de M\u00e9xico. En 2008 particip\u00f3 en el curso de composici\u00f3n de Salvatore Sciarrino en el centro Acanthes. En 2010, es invitado como compositor en residencia del Festival Musique sur ciel, en la regi\u00f3n del Tarn en Francia, festival que le encarga la obra Golpe en el diafragma. En 2011, fue invitado como artista residente en el Centro Intermondes en La Rochelle. Su m\u00fasica ha sido interpretada en varios pa\u00edses de las Am\u00e9ricas y de Europa por conjuntos como el Ensemble Intercontemporain (EIC), el International Contemporary Ensemble (ICE), el cuarteto Tana o Le Balcon.<\/p>\n<p>El d\u00fao XAMP est\u00e1 integrado por los acordeonistas Fanny Vicens y Jean-Etienne Sotty. Se trata de un proyecto musicalmente inclasificable y art\u00edsticamente indomable en constante b\u00fasqueda de nuevas sonoridades ya sea junto a los compositores de su tiempo o bien revisitando las m\u00fasicas del pasado que siempre logra entusiasmar y asombrar a sus oyentes. Cruzan su trabajo con otras artes: danza, artes visuales y performance.<\/p>\n<p>Domingo 19 de diciembre en la Maison de la Musique et de la Danse de Bagneaux<\/p>\n","protected":false},"excerpt":{"rendered":"<p>En la Maison de la Musique et de la Danse de Bagneaux tendr\u00e1 lugar el estreno de la obra creada por el compositor colombiano Juan Pablo Carre\u00f1o especialmente para XAMP, el d\u00fao franc\u00e9s de acordeones microtonales. Formado en Colombia, Estados Unidos y Francia, Juan Pablo Carre\u00f1o estudi\u00f3 composici\u00f3n en la Universidad Javeriana de Bogot\u00e1 con [&hellip;]<\/p>\n","protected":false},"author":1,"featured_media":11054,"comment_status":"closed","ping_status":"closed","sticky":false,"template":"","format":"standard","meta":{"_monsterinsights_skip_tracking":false,"_monsterinsights_sitenote_active":false,"_monsterinsights_sitenote_note":"","_monsterinsights_sitenote_category":0,"footnotes":""},"categories":[53],"tags":[],"class_list":["post-11053","post","type-post","status-publish","format-standard","has-post-thumbnail","hentry","category-noticias-generales"],"lang":"es","translations":{"es":11053,"pt":11056},"pll_sync_post":[],"post_mailing_queue_ids":[],"_links":{"self":[{"href":"https:\/\/www.ibermusicas.org\/index.php\/wp-json\/wp\/v2\/posts\/11053","targetHints":{"allow":["GET"]}}],"collection":[{"href":"https:\/\/www.ibermusicas.org\/index.php\/wp-json\/wp\/v2\/posts"}],"about":[{"href":"https:\/\/www.ibermusicas.org\/index.php\/wp-json\/wp\/v2\/types\/post"}],"author":[{"embeddable":true,"href":"https:\/\/www.ibermusicas.org\/index.php\/wp-json\/wp\/v2\/users\/1"}],"replies":[{"embeddable":true,"href":"https:\/\/www.ibermusicas.org\/index.php\/wp-json\/wp\/v2\/comments?post=11053"}],"version-history":[{"count":0,"href":"https:\/\/www.ibermusicas.org\/index.php\/wp-json\/wp\/v2\/posts\/11053\/revisions"}],"wp:featuredmedia":[{"embeddable":true,"href":"https:\/\/www.ibermusicas.org\/index.php\/wp-json\/wp\/v2\/media\/11054"}],"wp:attachment":[{"href":"https:\/\/www.ibermusicas.org\/index.php\/wp-json\/wp\/v2\/media?parent=11053"}],"wp:term":[{"taxonomy":"category","embeddable":true,"href":"https:\/\/www.ibermusicas.org\/index.php\/wp-json\/wp\/v2\/categories?post=11053"},{"taxonomy":"post_tag","embeddable":true,"href":"https:\/\/www.ibermusicas.org\/index.php\/wp-json\/wp\/v2\/tags?post=11053"}],"curies":[{"name":"wp","href":"https:\/\/api.w.org\/{rel}","templated":true}]}}