{"id":11267,"date":"2022-02-07T19:06:05","date_gmt":"2022-02-07T19:06:05","guid":{"rendered":"https:\/\/www.ibermusicas.org\/?p=11267"},"modified":"2022-03-03T19:07:37","modified_gmt":"2022-03-03T19:07:37","slug":"a-filarmonia-de-bagaces-apresenta-o-projeto-homenagem-aos-compositores-guanacastecos-um-material-audiovisual-que-reune-cancoes-dos-cantores-da-pampa-guanacasteca-da-costa-rica","status":"publish","type":"post","link":"https:\/\/www.ibermusicas.org\/index.php\/a-filarmonia-de-bagaces-apresenta-o-projeto-homenagem-aos-compositores-guanacastecos-um-material-audiovisual-que-reune-cancoes-dos-cantores-da-pampa-guanacasteca-da-costa-rica\/","title":{"rendered":"A Filarmonia de Bagaces, apresenta o projeto \u00abHomenagem aos compositores guanacastecos\u00bb, um material audiovisual que re\u00fane can\u00e7\u00f5es dos cantores da pampa guanacasteca da Costa Rica"},"content":{"rendered":"<p>A Filarmonia de Bagaces \u00e9 um projecto promovido por um grupo de amantes da m\u00fasica que t\u00eam semeado as bases e t\u00eam vindo a desenvolver um grupo com o objectivo de a constituir numa Banda de Concertos para assim deleitar os moradores com repert\u00f3rio regional, nacional e internacional atrav\u00e9s de concertos e de actividades de grande qualidade art\u00edstica.<\/p>\n<p>Com este projeto procuram prestar homenagem aos compositores da prov\u00edncia de Guanacaste, Costa Rica, por meio da virtualiza\u00e7\u00e3o de suas composi\u00e7\u00f5es em \u00e1udio e v\u00eddeo, a fim de salvaguardar o legado cultural constitu\u00eddo pela riqueza musical de compositores como Medardo Guido, An\u00edbal Herrera, Ulpiano Duarte e Jes\u00fas Bonilla. As can\u00e7\u00f5es cont\u00eam motivos e letras que foram inspiradas naqueles elementos pr\u00f3prios do territ\u00f3rio: a fazenda, o sabanero, entardeceres, cotidianidade, costumes, tradi\u00e7\u00f5es, jarg\u00e3o, que caracterizam e s\u00e3o pr\u00f3prios da identidade cultural do guanacasteco.<\/p>\n<p>Segunda-feira 28 de fevereiro, 19:00 hs. Costa Rica em\u00a0<a href=\"https:\/\/lt.mydplr.com\/b04aa95df08d12a0a854af42d399e9f6-81868bec073b3970fa62af291f12b42d\" target=\"_blank\" rel=\"noopener\" data-saferedirecturl=\"https:\/\/www.google.com\/url?q=https:\/\/lt.mydplr.com\/b04aa95df08d12a0a854af42d399e9f6-81868bec073b3970fa62af291f12b42d&amp;source=gmail&amp;ust=1644342677160000&amp;usg=AOvVaw1Y28VpOoRTaKL-Izu-l2BQ\">youtube.com<\/a><\/p>\n","protected":false},"excerpt":{"rendered":"<p>A Filarmonia de Bagaces \u00e9 um projecto promovido por um grupo de amantes da m\u00fasica que t\u00eam semeado as bases e t\u00eam vindo a desenvolver um grupo com o objectivo de a constituir numa Banda de Concertos para assim deleitar os moradores com repert\u00f3rio regional, nacional e internacional atrav\u00e9s de concertos e de actividades de [&hellip;]<\/p>\n","protected":false},"author":1,"featured_media":11265,"comment_status":"closed","ping_status":"closed","sticky":false,"template":"","format":"standard","meta":{"_monsterinsights_skip_tracking":false,"_monsterinsights_sitenote_active":false,"_monsterinsights_sitenote_note":"","_monsterinsights_sitenote_category":0,"footnotes":""},"categories":[218],"tags":[],"class_list":["post-11267","post","type-post","status-publish","format-standard","has-post-thumbnail","hentry","category-noticias-generales-pt"],"lang":"pt","translations":{"pt":11267,"es":11264},"pll_sync_post":[],"post_mailing_queue_ids":[],"_links":{"self":[{"href":"https:\/\/www.ibermusicas.org\/index.php\/wp-json\/wp\/v2\/posts\/11267","targetHints":{"allow":["GET"]}}],"collection":[{"href":"https:\/\/www.ibermusicas.org\/index.php\/wp-json\/wp\/v2\/posts"}],"about":[{"href":"https:\/\/www.ibermusicas.org\/index.php\/wp-json\/wp\/v2\/types\/post"}],"author":[{"embeddable":true,"href":"https:\/\/www.ibermusicas.org\/index.php\/wp-json\/wp\/v2\/users\/1"}],"replies":[{"embeddable":true,"href":"https:\/\/www.ibermusicas.org\/index.php\/wp-json\/wp\/v2\/comments?post=11267"}],"version-history":[{"count":0,"href":"https:\/\/www.ibermusicas.org\/index.php\/wp-json\/wp\/v2\/posts\/11267\/revisions"}],"wp:featuredmedia":[{"embeddable":true,"href":"https:\/\/www.ibermusicas.org\/index.php\/wp-json\/wp\/v2\/media\/11265"}],"wp:attachment":[{"href":"https:\/\/www.ibermusicas.org\/index.php\/wp-json\/wp\/v2\/media?parent=11267"}],"wp:term":[{"taxonomy":"category","embeddable":true,"href":"https:\/\/www.ibermusicas.org\/index.php\/wp-json\/wp\/v2\/categories?post=11267"},{"taxonomy":"post_tag","embeddable":true,"href":"https:\/\/www.ibermusicas.org\/index.php\/wp-json\/wp\/v2\/tags?post=11267"}],"curies":[{"name":"wp","href":"https:\/\/api.w.org\/{rel}","templated":true}]}}