{"id":11331,"date":"2022-03-07T17:25:07","date_gmt":"2022-03-07T17:25:07","guid":{"rendered":"https:\/\/www.ibermusicas.org\/?p=11331"},"modified":"2022-04-01T18:42:37","modified_gmt":"2022-04-01T18:42:37","slug":"el-duo-abasto-base-presenta-cicatriz-de-la-manana-su-disco-debut-creado-entre-argentina-y-ecuador","status":"publish","type":"post","link":"https:\/\/www.ibermusicas.org\/index.php\/el-duo-abasto-base-presenta-cicatriz-de-la-manana-su-disco-debut-creado-entre-argentina-y-ecuador\/","title":{"rendered":"El d\u00fao Abasto Base presenta \u201cCicatriz de la Ma\u00f1ana\u201d, su disco debut creado entre Argentina y Ecuador"},"content":{"rendered":"<p>El d\u00fao conformado por el compositor y cantante rosarino Jos\u00e9 Ianniello y el guitarrista y arreglador porte\u00f1o residente en Ecuador Adri\u00e1n Steinsleger, presenta \u201cCicatriz de la Ma\u00f1ana\u201d, su \u00e1lbum debut,<\/p>\n<p>Abasto Base es la singular uni\u00f3n de dos m\u00fasicos argentinos que desarrollaron una gran amistad y distintas colaboraciones musicales en la Ciudad de Buenos Aires hasta el a\u00f1o 2010, pero que desde hace una d\u00e9cada residen uno en Rosario (Argentina), y otro en Cumbay\u00e1 (Ecuador) a m\u00e1s de 5000 kil\u00f3metros de distancia. Ante las diferentes instancias de aislamiento que paralizaron otro tipo de actividades, se lanzaron a esta aventura, que tiene ra\u00edz en un material que presentaron espor\u00e1dicamente en la capital argentina, con agregados de nuevas composiciones.<\/p>\n<p>Abasto Base toma el tango en guitarras como punto de partida, y aumenta y diversifica su propuesta hacia g\u00e9neros lindantes como la milonga o el vals, o en otros casos, m\u00fasicas m\u00e1s lejanas, como el bolero o el chamam\u00e9, que se integran naturalmente a la propuesta desde los arreglos y la composici\u00f3n.<\/p>\n<p>Participan en este disco el bajista argentino Christian Basso, la percusionista Victoria Virgolini, el cantante Ignacio Ianniello, el bandoneonista argentino, residente en B\u00e9lgica, Gerardo Agnese, la violinista ecuatoriana Juliana Pont\u00f3n y el cantante y acordeonista rosarino Nahuel Marquet.<\/p>\n<p>Lanzamiento; 4 de marzo en las plataformas:<\/p>\n<p><a href=\"https:\/\/lt.mydplr.com\/a0f12702bfe3362ebbf40e04cb65b8e5-81868bec073b3970fa62af291f12b42d\" target=\"_blank\" rel=\"noopener\" data-saferedirecturl=\"https:\/\/www.google.com\/url?q=https:\/\/lt.mydplr.com\/a0f12702bfe3362ebbf40e04cb65b8e5-81868bec073b3970fa62af291f12b42d&amp;source=gmail&amp;ust=1646757218761000&amp;usg=AOvVaw22yvW4kMlWyw47F6aiOFsX\">Spotify<\/a><br \/>\n<a href=\"https:\/\/lt.mydplr.com\/fca1be2956d7b153b069b0acd2d47cbb-81868bec073b3970fa62af291f12b42d\" target=\"_blank\" rel=\"noopener\" data-saferedirecturl=\"https:\/\/www.google.com\/url?q=https:\/\/lt.mydplr.com\/fca1be2956d7b153b069b0acd2d47cbb-81868bec073b3970fa62af291f12b42d&amp;source=gmail&amp;ust=1646757218761000&amp;usg=AOvVaw1asiIWbB50WzR7ykUjJq9e\">Youtube<\/a><br \/>\n<a href=\"https:\/\/lt.mydplr.com\/d50212bd62b8dc160da7eb9ebcc92077-81868bec073b3970fa62af291f12b42d\" target=\"_blank\" rel=\"noopener\" data-saferedirecturl=\"https:\/\/www.google.com\/url?q=https:\/\/lt.mydplr.com\/d50212bd62b8dc160da7eb9ebcc92077-81868bec073b3970fa62af291f12b42d&amp;source=gmail&amp;ust=1646757218761000&amp;usg=AOvVaw0M06NaqsJRy9pkdG5UZAkF\">Bandcamp<\/a><br \/>\n<a href=\"https:\/\/lt.mydplr.com\/0499c28db370ba46e20fb072f80ad3a4-81868bec073b3970fa62af291f12b42d\" target=\"_blank\" rel=\"noopener\" data-saferedirecturl=\"https:\/\/www.google.com\/url?q=https:\/\/lt.mydplr.com\/0499c28db370ba46e20fb072f80ad3a4-81868bec073b3970fa62af291f12b42d&amp;source=gmail&amp;ust=1646757218761000&amp;usg=AOvVaw0sJ5Hb9xMqvaAsULHZwTlr\">Instagram<\/a><\/p>\n","protected":false},"excerpt":{"rendered":"<p>El d\u00fao conformado por el compositor y cantante rosarino Jos\u00e9 Ianniello y el guitarrista y arreglador porte\u00f1o residente en Ecuador Adri\u00e1n Steinsleger, presenta \u201cCicatriz de la Ma\u00f1ana\u201d, su \u00e1lbum debut, Abasto Base es la singular uni\u00f3n de dos m\u00fasicos argentinos que desarrollaron una gran amistad y distintas colaboraciones musicales en la Ciudad de Buenos Aires [&hellip;]<\/p>\n","protected":false},"author":1,"featured_media":11332,"comment_status":"closed","ping_status":"closed","sticky":false,"template":"","format":"standard","meta":{"_monsterinsights_skip_tracking":false,"_monsterinsights_sitenote_active":false,"_monsterinsights_sitenote_note":"","_monsterinsights_sitenote_category":0,"footnotes":""},"categories":[53],"tags":[],"class_list":["post-11331","post","type-post","status-publish","format-standard","has-post-thumbnail","hentry","category-noticias-generales"],"lang":"es","translations":{"es":11331,"pt":11334},"pll_sync_post":[],"post_mailing_queue_ids":[],"_links":{"self":[{"href":"https:\/\/www.ibermusicas.org\/index.php\/wp-json\/wp\/v2\/posts\/11331","targetHints":{"allow":["GET"]}}],"collection":[{"href":"https:\/\/www.ibermusicas.org\/index.php\/wp-json\/wp\/v2\/posts"}],"about":[{"href":"https:\/\/www.ibermusicas.org\/index.php\/wp-json\/wp\/v2\/types\/post"}],"author":[{"embeddable":true,"href":"https:\/\/www.ibermusicas.org\/index.php\/wp-json\/wp\/v2\/users\/1"}],"replies":[{"embeddable":true,"href":"https:\/\/www.ibermusicas.org\/index.php\/wp-json\/wp\/v2\/comments?post=11331"}],"version-history":[{"count":0,"href":"https:\/\/www.ibermusicas.org\/index.php\/wp-json\/wp\/v2\/posts\/11331\/revisions"}],"wp:featuredmedia":[{"embeddable":true,"href":"https:\/\/www.ibermusicas.org\/index.php\/wp-json\/wp\/v2\/media\/11332"}],"wp:attachment":[{"href":"https:\/\/www.ibermusicas.org\/index.php\/wp-json\/wp\/v2\/media?parent=11331"}],"wp:term":[{"taxonomy":"category","embeddable":true,"href":"https:\/\/www.ibermusicas.org\/index.php\/wp-json\/wp\/v2\/categories?post=11331"},{"taxonomy":"post_tag","embeddable":true,"href":"https:\/\/www.ibermusicas.org\/index.php\/wp-json\/wp\/v2\/tags?post=11331"}],"curies":[{"name":"wp","href":"https:\/\/api.w.org\/{rel}","templated":true}]}}