{"id":11404,"date":"2022-03-16T19:27:35","date_gmt":"2022-03-16T19:27:35","guid":{"rendered":"https:\/\/www.ibermusicas.org\/?p=11404"},"modified":"2022-04-01T18:44:28","modified_gmt":"2022-04-01T18:44:28","slug":"a-grande-artista-colombiana-toto-la-momposina-se-apresentara-no-chile-durante-o-festival-lollapalooza","status":"publish","type":"post","link":"https:\/\/www.ibermusicas.org\/index.php\/a-grande-artista-colombiana-toto-la-momposina-se-apresentara-no-chile-durante-o-festival-lollapalooza\/","title":{"rendered":"A grande artista colombiana Tot\u00f3 La Momposina se apresentar\u00e1 no Chile durante o Festival Lollapalooza"},"content":{"rendered":"<p><em>\u00abEu me chamo cumbia, eu sou a rainha por onde vou, N\u00e3o h\u00e1 uma n\u00e1dega que fique quieta onde eu estou, minha pele \u00e9 morena como os couros do meu tambor, e os meus ombros s\u00e3o um par de maracas que beija o sol.\u00bb<\/em><\/p>\n<p>Com seu repert\u00f3rio de cumbias, bullerengues, chalupas, gaitas, porros, mapal\u00e9s, sones, guarachas, rumbas e sextetos, a emblem\u00e1tica artista colombiana Tot\u00f3 la Momposina realizar\u00e1 duas apresenta\u00e7\u00f5es dentro da programa\u00e7\u00e3o do Festival Lollapalooza do Chile.<\/p>\n<p>Cantora e bailarina colombiana que interpreta m\u00fasica folcl\u00f3rica de seu pa\u00eds. Seu ritmo tem origem na mesti\u00e7agem do Caribe. \u00c9 reconhecida pela vitalidade e espontaneidade que mostra em suas apresenta\u00e7\u00f5es e por suas misturas de ritmos. Desde muito cedo, Tot\u00f3 La Momposina se prop\u00f4s a dar a conhecer a m\u00fasica colombiana pelo mundo, misturando ritmos ind\u00edgenas, dos escravos africanos e os ritmos provenientes da Espanha, todos os quais cantarolou desde pequena na ilha de Momp\u00f3s.<\/p>\n<p>Nasceu em 1940, em Talaigua Bol\u00edvar, um povoado situado na ilha de Momp\u00f3s, que foi um dos principais centros da coloniza\u00e7\u00e3o espanhola e no qual coexistem popula\u00e7\u00e3o ind\u00edgena, negra e branca.<\/p>\n<p>\u00c9 parte de uma fam\u00edlia de v\u00e1rias gera\u00e7\u00f5es de m\u00fasicos. Seu pai Daniel Bazanta era um percussionista renomado e sua m\u00e3e L\u00edbia Vides era dan\u00e7arina e cantora. Por isso, desde muito jovem se interessou pela m\u00fasica e os bailes tradicionais do Caribe. Foi de aldeia em aldeia indagando seus costumes musicais. Seu primeiro grupo foi formado por seus pais e irm\u00e3os.<\/p>\n<p>A partir de 1974 dedicou-se \u00e0 m\u00fasica de maneira profissional. Viajou para a Fran\u00e7a para estudar hist\u00f3ria da dan\u00e7a na Universidade da Sorbonne em Paris e l\u00e1 permaneceu por quatro anos. Depois esteve em Cuba fazendo estudos sobre o bolero. Fez turn\u00eas pela Am\u00e9rica Latina e Col\u00f4mbia e em 1991 voltou \u00e0 Europa para gravar um disco ao qual chamou \u00abLa Candela Viva\u00bb, nos est\u00fadios do famoso m\u00fasico Peter Gabriel com seu selo Real World.<\/p>\n<p>Em 1982, Gabriel Garc\u00eda M\u00e1rquez lhe pediu que o acompanhasse a Estocolmo, Su\u00e9cia, para receber junto com ele o Pr\u00eamio Nobel de Literatura. \u00abSegundo ele, s\u00f3 eu podia corroborar com m\u00fasica o que ele havia escrito em Cem anos de solid\u00e3o\u00bb.<\/p>\n<p>Em 2017 foi reconhecida pela Universidade Pedag\u00f3gica Nacional da Col\u00f4mbia com o t\u00edtulo de Doutora Honoris Causa em Educa\u00e7\u00e3o.<\/p>\n<p>\u25cf Sexta-feira 18 de mar\u00e7o, 15:45, Festival Lollapalooza, Parque Bicenten\u00e1rio de Cerrillos, Santiago de Chile.<br \/>\n\u25cf Domingo 20 de mar\u00e7o, 18:00 hs. Concerto Lolla Escultura, Est\u00e1dio Municipal de Cerrillos, Santiago de Chile &#8211; Chile.<\/p>\n","protected":false},"excerpt":{"rendered":"<p>\u00abEu me chamo cumbia, eu sou a rainha por onde vou, N\u00e3o h\u00e1 uma n\u00e1dega que fique quieta onde eu estou, minha pele \u00e9 morena como os couros do meu tambor, e os meus ombros s\u00e3o um par de maracas que beija o sol.\u00bb Com seu repert\u00f3rio de cumbias, bullerengues, chalupas, gaitas, porros, mapal\u00e9s, sones, [&hellip;]<\/p>\n","protected":false},"author":1,"featured_media":11402,"comment_status":"closed","ping_status":"closed","sticky":false,"template":"","format":"standard","meta":{"_monsterinsights_skip_tracking":false,"_monsterinsights_sitenote_active":false,"_monsterinsights_sitenote_note":"","_monsterinsights_sitenote_category":0,"footnotes":""},"categories":[218],"tags":[],"class_list":["post-11404","post","type-post","status-publish","format-standard","has-post-thumbnail","hentry","category-noticias-generales-pt"],"lang":"pt","translations":{"pt":11404},"pll_sync_post":[],"post_mailing_queue_ids":[],"_links":{"self":[{"href":"https:\/\/www.ibermusicas.org\/index.php\/wp-json\/wp\/v2\/posts\/11404","targetHints":{"allow":["GET"]}}],"collection":[{"href":"https:\/\/www.ibermusicas.org\/index.php\/wp-json\/wp\/v2\/posts"}],"about":[{"href":"https:\/\/www.ibermusicas.org\/index.php\/wp-json\/wp\/v2\/types\/post"}],"author":[{"embeddable":true,"href":"https:\/\/www.ibermusicas.org\/index.php\/wp-json\/wp\/v2\/users\/1"}],"replies":[{"embeddable":true,"href":"https:\/\/www.ibermusicas.org\/index.php\/wp-json\/wp\/v2\/comments?post=11404"}],"version-history":[{"count":0,"href":"https:\/\/www.ibermusicas.org\/index.php\/wp-json\/wp\/v2\/posts\/11404\/revisions"}],"wp:featuredmedia":[{"embeddable":true,"href":"https:\/\/www.ibermusicas.org\/index.php\/wp-json\/wp\/v2\/media\/11402"}],"wp:attachment":[{"href":"https:\/\/www.ibermusicas.org\/index.php\/wp-json\/wp\/v2\/media?parent=11404"}],"wp:term":[{"taxonomy":"category","embeddable":true,"href":"https:\/\/www.ibermusicas.org\/index.php\/wp-json\/wp\/v2\/categories?post=11404"},{"taxonomy":"post_tag","embeddable":true,"href":"https:\/\/www.ibermusicas.org\/index.php\/wp-json\/wp\/v2\/tags?post=11404"}],"curies":[{"name":"wp","href":"https:\/\/api.w.org\/{rel}","templated":true}]}}