{"id":11414,"date":"2022-03-16T19:34:15","date_gmt":"2022-03-16T19:34:15","guid":{"rendered":"https:\/\/www.ibermusicas.org\/?p=11414"},"modified":"2022-04-01T18:44:14","modified_gmt":"2022-04-01T18:44:14","slug":"a-cantora-peruana-luz-maria-carriquiry-empreende-uma-turne-por-diversos-cenarios-da-argentina","status":"publish","type":"post","link":"https:\/\/www.ibermusicas.org\/index.php\/a-cantora-peruana-luz-maria-carriquiry-empreende-uma-turne-por-diversos-cenarios-da-argentina\/","title":{"rendered":"A cantora peruana Luz Mar\u00eda Carriquiry empreende uma turn\u00ea por diversos cen\u00e1rios da Argentina"},"content":{"rendered":"<p>A cantora peruana Luz Mar\u00eda Carriquiry chega \u00e0 Argentina para realizar uma turn\u00ea por v\u00e1rias cidades do pa\u00eds junto ao renomado guitarrista e produtor Ernesto Hermoza, apresentando seus discos Chabuca Viva, Darte Luz e sua proposta como compositora, Florecer.<\/p>\n<p>Luz Maria Carriquiry conta com uma trajet\u00f3ria de 22 anos de carreira art\u00edstica. Levou seu canto por 27 pa\u00edses da Am\u00e9rica e Europa, participando de diferentes festivais e compartilhando palco com artistas consagrados da Am\u00e9rica Latina e Espanha. Depois de 15 anos junto ao grupo latino-americano Sin L\u00edneas no Mapa, com quem tem 3 discos editados, inicia sua carreira sola e come\u00e7a a trabalhar junto com o guitarrista e produtor Ernesto Hermoza. Seus discos como solista s\u00e3o Darte Luz (2017) e Chabuca Viva (2020), recentemente lan\u00e7ado pelos 100 anos do nascimento de Chabuca Granda. Em 2020 inicia sua etapa como cantautora, apresentando sua proposta \u00abFlorecer\u00bb lan\u00e7ando seu primeiro single, sob o mesmo nome, com a participa\u00e7\u00e3o das cantoras-autoras Marta G\u00f3mez da Col\u00f4mbia e Katia Cardeal da Nicar\u00e1gua. Em Novembro de 2021 lan\u00e7a \u00abMulher Esperan\u00e7a\u00bb com a participa\u00e7\u00e3o de grandes artistas, cantoras e instrumentistas do M\u00e9xico, Chile, Argentina, Cuba e Peru como as cantoras-autoras Elizabeth Morris do Chile e Liuba Maria Hevia de Cuba.<\/p>\n<p>Ernesto Hermoza, \u00e9 m\u00fasico e compositor autodidata que desde 1991 vem desenvolvendo um toque \u00fanico de mesti\u00e7agem entre os g\u00eaneros crioulo, flamenco e jazz. Tem musicado diversas obras teatrais e gravado com: Joaqu\u00edn Sabina, Susana Baca, Jorge Drexler, Eva Ayllon, Pedro Suarez Vertiz, Micky Gonzales, Jean Pierre Magnet, Lucho Quequezana, e outros, obtendo 4 nomea\u00e7\u00f5es ao Grammy latino e 1 disco de ouro. Tem representado o Peru em Festivais de Guitarra pelo Mundo, compartilhando com m\u00fasicos de classe mundial como: Quincy Jones, Ralph Twoner, Frank Bungarten, Marco Pereira, El Cigala, etc. Tem publicado 5 discos: \u00abViv\u00eancias\u00bb, \u00abEntre dos mares\u00bb, \u00abHerencia Flamenca\u00bb, \u00abPuerta del Sol\u00bb, \u00abCon garbo y picard\u00eda\u00bb e \u00abQu\u00e9 Lisura\u00bb, ambos gravados junto a Mar\u00eda Elena Pacheco. Comp\u00f4s e interpretou a 1\u00aa obra sinf\u00f4nica flamenga feita no Peru para guitarra, dan\u00e7a e orquestra. Em 2018, obteve a nomea\u00e7\u00e3o ao Grammy Latino para melhor grava\u00e7\u00e3o pelo tema El Surco, do disco \u00abA Chabuca\u00bb junto com Jorge Drexler. Desde 2009 acompanha na guitarra a Susana Baca.<\/p>\n<p>\u25cf 25 de mar\u00e7o, Centro Cultural Graciela Carena, Cidade de C\u00f3rdoba<br \/>\n\u25cf 26 de mar\u00e7o, El Recodo del Sol, Unquillo, Provincia de C\u00f3rdoba<br \/>\n\u25cf 17 e 28 de mar\u00e7o, Casa dos Governadores, Cidade de Santa F\u00e9<br \/>\n\u25cf 31 de mar\u00e7o e 1\u00ba de abril, La Nave Universitaria, Prov\u00edncia de Mendoza<br \/>\n\u25cf 2 de abril, Primera Estrella, Provincia de San Juan<br \/>\n\u25cf 4 de abril, Kanika Espa\u00e7o e Arte, Bah\u00eda Blanca, Prov\u00edncia de Buenos Aires<br \/>\n\u25cf 6 de abril, Teatro El Destino, R\u00edo Colorado, Prov\u00edncia de Rio Negro<br \/>\n\u25cf 8 de abril, Hasta Trilce, Cidade Aut\u00f4noma de Buenos Aires<br \/>\n\u25cf 9 de abril, Museu da Trova, Caseros, Prov\u00edncia de Buenos Aires<\/p>\n","protected":false},"excerpt":{"rendered":"<p>A cantora peruana Luz Mar\u00eda Carriquiry chega \u00e0 Argentina para realizar uma turn\u00ea por v\u00e1rias cidades do pa\u00eds junto ao renomado guitarrista e produtor Ernesto Hermoza, apresentando seus discos Chabuca Viva, Darte Luz e sua proposta como compositora, Florecer. Luz Maria Carriquiry conta com uma trajet\u00f3ria de 22 anos de carreira art\u00edstica. Levou seu canto [&hellip;]<\/p>\n","protected":false},"author":1,"featured_media":11412,"comment_status":"closed","ping_status":"closed","sticky":false,"template":"","format":"standard","meta":{"_monsterinsights_skip_tracking":false,"_monsterinsights_sitenote_active":false,"_monsterinsights_sitenote_note":"","_monsterinsights_sitenote_category":0,"footnotes":""},"categories":[218],"tags":[],"class_list":["post-11414","post","type-post","status-publish","format-standard","has-post-thumbnail","hentry","category-noticias-generales-pt"],"lang":"pt","translations":{"pt":11414,"es":11411},"pll_sync_post":[],"post_mailing_queue_ids":[],"_links":{"self":[{"href":"https:\/\/www.ibermusicas.org\/index.php\/wp-json\/wp\/v2\/posts\/11414","targetHints":{"allow":["GET"]}}],"collection":[{"href":"https:\/\/www.ibermusicas.org\/index.php\/wp-json\/wp\/v2\/posts"}],"about":[{"href":"https:\/\/www.ibermusicas.org\/index.php\/wp-json\/wp\/v2\/types\/post"}],"author":[{"embeddable":true,"href":"https:\/\/www.ibermusicas.org\/index.php\/wp-json\/wp\/v2\/users\/1"}],"replies":[{"embeddable":true,"href":"https:\/\/www.ibermusicas.org\/index.php\/wp-json\/wp\/v2\/comments?post=11414"}],"version-history":[{"count":0,"href":"https:\/\/www.ibermusicas.org\/index.php\/wp-json\/wp\/v2\/posts\/11414\/revisions"}],"wp:featuredmedia":[{"embeddable":true,"href":"https:\/\/www.ibermusicas.org\/index.php\/wp-json\/wp\/v2\/media\/11412"}],"wp:attachment":[{"href":"https:\/\/www.ibermusicas.org\/index.php\/wp-json\/wp\/v2\/media?parent=11414"}],"wp:term":[{"taxonomy":"category","embeddable":true,"href":"https:\/\/www.ibermusicas.org\/index.php\/wp-json\/wp\/v2\/categories?post=11414"},{"taxonomy":"post_tag","embeddable":true,"href":"https:\/\/www.ibermusicas.org\/index.php\/wp-json\/wp\/v2\/tags?post=11414"}],"curies":[{"name":"wp","href":"https:\/\/api.w.org\/{rel}","templated":true}]}}