{"id":11502,"date":"2022-04-01T19:16:28","date_gmt":"2022-04-01T19:16:28","guid":{"rendered":"https:\/\/www.ibermusicas.org\/?p=11502"},"modified":"2022-05-03T20:41:07","modified_gmt":"2022-05-03T20:41:07","slug":"desde-sua-morada-em-portugal-a-artista-erika-machado-continua-a-compartilhar-seu-projeto-como-e-que-faz","status":"publish","type":"post","link":"https:\/\/www.ibermusicas.org\/index.php\/desde-sua-morada-em-portugal-a-artista-erika-machado-continua-a-compartilhar-seu-projeto-como-e-que-faz\/","title":{"rendered":"Desde sua morada em Portugal, a artista E\u0301rika Machado continua a compartilhar seu projeto Como \u00e9 que faz?"},"content":{"rendered":"<p>A proposta de \u00c9rika \u00e9 a cria\u00e7\u00e3o e grava\u00e7\u00e3o de um EP com tr\u00eas can\u00e7\u00f5es, a confec\u00e7\u00e3o de um teledisco, e a realiza\u00e7\u00e3o de um concerto virtual de lan\u00e7amento do EP. O processo de cria\u00e7\u00e3o \u00e9 exposto atrav\u00e9s das redes sociais, desde os criativos at\u00e9 os burocr\u00e1ticos que o trabalho envolve, desde a cria\u00e7\u00e3o at\u00e9 a sua finaliza\u00e7\u00e3o. Pretende-se tamb\u00e9m criar espa\u00e7o para conversas e trocas.<\/p>\n<p>E\u0301rika Machado e\u0301 natural de Belo Horizonte, e vive em Lisboa. Doutoranda em Arte Contempora\u0302nea no Cole\u0301gio das Artes da Universidade de Coimbra, faz uso de diversas linguagens arti\u0301sticas na constru\u00e7\u00e3o de seu trabalho e o apresenta em diversos formatos. Como cantora, instrumentista, compositora e produtora, editou quatro a\u0301lbuns a solo, e recebeu os pre\u0302mios de Artista Revelac\u0327a\u0303o pela Associac\u0327a\u0303o Paulista dos Cri\u0301ticos de Artes, pre\u0302mio de Melhor CD pela Ra\u0301dio Cultura de Sa\u0303o Paulo (Trofe\u0301u Catavento), foi mapeada pelo Programa Rumos do Instituto Itau\u0301 Cultural. Como artista visual realizou diversas exposic\u0327o\u0303es individuais e coletivas.<\/p>\n<p>Domingos 3 e 17 de abril de 16 a 18 hs. (hor\u00e1rio de Portugal): @erika_machado<\/p>\n","protected":false},"excerpt":{"rendered":"<p>A proposta de \u00c9rika \u00e9 a cria\u00e7\u00e3o e grava\u00e7\u00e3o de um EP com tr\u00eas can\u00e7\u00f5es, a confec\u00e7\u00e3o de um teledisco, e a realiza\u00e7\u00e3o de um concerto virtual de lan\u00e7amento do EP. O processo de cria\u00e7\u00e3o \u00e9 exposto atrav\u00e9s das redes sociais, desde os criativos at\u00e9 os burocr\u00e1ticos que o trabalho envolve, desde a cria\u00e7\u00e3o at\u00e9 [&hellip;]<\/p>\n","protected":false},"author":1,"featured_media":11500,"comment_status":"closed","ping_status":"closed","sticky":false,"template":"","format":"standard","meta":{"_monsterinsights_skip_tracking":false,"_monsterinsights_sitenote_active":false,"_monsterinsights_sitenote_note":"","_monsterinsights_sitenote_category":0,"footnotes":""},"categories":[218],"tags":[],"class_list":["post-11502","post","type-post","status-publish","format-standard","has-post-thumbnail","hentry","category-noticias-generales-pt"],"lang":"pt","translations":{"pt":11502,"es":11499},"pll_sync_post":[],"post_mailing_queue_ids":[],"_links":{"self":[{"href":"https:\/\/www.ibermusicas.org\/index.php\/wp-json\/wp\/v2\/posts\/11502","targetHints":{"allow":["GET"]}}],"collection":[{"href":"https:\/\/www.ibermusicas.org\/index.php\/wp-json\/wp\/v2\/posts"}],"about":[{"href":"https:\/\/www.ibermusicas.org\/index.php\/wp-json\/wp\/v2\/types\/post"}],"author":[{"embeddable":true,"href":"https:\/\/www.ibermusicas.org\/index.php\/wp-json\/wp\/v2\/users\/1"}],"replies":[{"embeddable":true,"href":"https:\/\/www.ibermusicas.org\/index.php\/wp-json\/wp\/v2\/comments?post=11502"}],"version-history":[{"count":0,"href":"https:\/\/www.ibermusicas.org\/index.php\/wp-json\/wp\/v2\/posts\/11502\/revisions"}],"wp:featuredmedia":[{"embeddable":true,"href":"https:\/\/www.ibermusicas.org\/index.php\/wp-json\/wp\/v2\/media\/11500"}],"wp:attachment":[{"href":"https:\/\/www.ibermusicas.org\/index.php\/wp-json\/wp\/v2\/media?parent=11502"}],"wp:term":[{"taxonomy":"category","embeddable":true,"href":"https:\/\/www.ibermusicas.org\/index.php\/wp-json\/wp\/v2\/categories?post=11502"},{"taxonomy":"post_tag","embeddable":true,"href":"https:\/\/www.ibermusicas.org\/index.php\/wp-json\/wp\/v2\/tags?post=11502"}],"curies":[{"name":"wp","href":"https:\/\/api.w.org\/{rel}","templated":true}]}}