{"id":11535,"date":"2022-04-04T19:19:47","date_gmt":"2022-04-04T19:19:47","guid":{"rendered":"https:\/\/www.ibermusicas.org\/?p=11535"},"modified":"2022-05-03T20:40:53","modified_gmt":"2022-05-03T20:40:53","slug":"do-panama-continua-co-criando-a-nova-industria-musical-oficinas-online-para-inovar-e-networking-criativo","status":"publish","type":"post","link":"https:\/\/www.ibermusicas.org\/index.php\/do-panama-continua-co-criando-a-nova-industria-musical-oficinas-online-para-inovar-e-networking-criativo\/","title":{"rendered":"Do Panam\u00e1, continua \u00abCo-criando a Nova Ind\u00fastria Musical\u00bb, oficinas online para inovar e networking criativo"},"content":{"rendered":"<p>\u00abCo-criando a Nova Ind\u00fastria Musical\u00bb convida a ser parte deste grande evento gratuito de criatividade, flexibilidade e autoconhecimento a partir de dois eixos chave:<\/p>\n<p>\u25cf Mentalidade Empreendedora: oficinas pr\u00e1ticas com especialistas da ind\u00fastria, para potenciar a vis\u00e3o estrat\u00e9gica, a lideran\u00e7a pessoal, a intelig\u00eancia emocional e a inova\u00e7\u00e3o.<\/p>\n<p>\u25cf Networking Criativo: sess\u00f5es de grupo com refer\u00eancias do sector e de outras ind\u00fastrias para explorar casos de sucesso, tend\u00eancias e formas de crescimento e internacionaliza\u00e7\u00e3o, bem como reuni\u00f5es de interc\u00e2mbio entre os participantes para fomentar o cruzamento de talentos e disciplinas e a cria\u00e7\u00e3o de modelos de neg\u00f3cios criativos com setores novos ou pouco explorados at\u00e9 o momento.<\/p>\n<p>Os profissionais de \u00abCo-cria\u00e7\u00e3o a Nova Ind\u00fastria Musical\u00bb prop\u00f5em gerar um espa\u00e7o de reflex\u00e3o para os m\u00fasicos e suas equipes, a fim de que possam observar-se, definir seus objetivos e capacitar-se para encontrar as respostas sobre seus pr\u00f3ximos passos, num olhar de dentro para fora. Procura-se que os artistas se animem a co-criar as novas regras do jogo, n\u00e3o s\u00f3 com seus colegas do setor, mas em abertura e intera\u00e7\u00e3o com a comunidade inteira. Uma expans\u00e3o na consci\u00eancia criativa, para ser aplicada n\u00e3o s\u00f3 na arte em si, mas na vida de cada m\u00fasico\/a e na reinven\u00e7\u00e3o da ind\u00fastria do presente e do futuro.<\/p>\n<p>Os encontros ser\u00e3o transmitidos por zoom a participantes de pa\u00edses da Am\u00e9rica Latina com a coordena\u00e7\u00e3o do Panam\u00e1 (Marieva Vegas Carbonell) e Argentina (Gaby Pellegrino) e com a participa\u00e7\u00e3o de palestrantes de diversos pa\u00edses da Am\u00e9rica Latina.<\/p>\n<p>Pr\u00f3ximo encontro: 6 de abril<\/p>\n","protected":false},"excerpt":{"rendered":"<p>\u00abCo-criando a Nova Ind\u00fastria Musical\u00bb convida a ser parte deste grande evento gratuito de criatividade, flexibilidade e autoconhecimento a partir de dois eixos chave: \u25cf Mentalidade Empreendedora: oficinas pr\u00e1ticas com especialistas da ind\u00fastria, para potenciar a vis\u00e3o estrat\u00e9gica, a lideran\u00e7a pessoal, a intelig\u00eancia emocional e a inova\u00e7\u00e3o. \u25cf Networking Criativo: sess\u00f5es de grupo com refer\u00eancias [&hellip;]<\/p>\n","protected":false},"author":1,"featured_media":11533,"comment_status":"closed","ping_status":"closed","sticky":false,"template":"","format":"standard","meta":{"_monsterinsights_skip_tracking":false,"_monsterinsights_sitenote_active":false,"_monsterinsights_sitenote_note":"","_monsterinsights_sitenote_category":0,"footnotes":""},"categories":[218],"tags":[],"class_list":["post-11535","post","type-post","status-publish","format-standard","has-post-thumbnail","hentry","category-noticias-generales-pt"],"lang":"pt","translations":{"pt":11535,"es":11532},"pll_sync_post":[],"post_mailing_queue_ids":[],"_links":{"self":[{"href":"https:\/\/www.ibermusicas.org\/index.php\/wp-json\/wp\/v2\/posts\/11535","targetHints":{"allow":["GET"]}}],"collection":[{"href":"https:\/\/www.ibermusicas.org\/index.php\/wp-json\/wp\/v2\/posts"}],"about":[{"href":"https:\/\/www.ibermusicas.org\/index.php\/wp-json\/wp\/v2\/types\/post"}],"author":[{"embeddable":true,"href":"https:\/\/www.ibermusicas.org\/index.php\/wp-json\/wp\/v2\/users\/1"}],"replies":[{"embeddable":true,"href":"https:\/\/www.ibermusicas.org\/index.php\/wp-json\/wp\/v2\/comments?post=11535"}],"version-history":[{"count":0,"href":"https:\/\/www.ibermusicas.org\/index.php\/wp-json\/wp\/v2\/posts\/11535\/revisions"}],"wp:featuredmedia":[{"embeddable":true,"href":"https:\/\/www.ibermusicas.org\/index.php\/wp-json\/wp\/v2\/media\/11533"}],"wp:attachment":[{"href":"https:\/\/www.ibermusicas.org\/index.php\/wp-json\/wp\/v2\/media?parent=11535"}],"wp:term":[{"taxonomy":"category","embeddable":true,"href":"https:\/\/www.ibermusicas.org\/index.php\/wp-json\/wp\/v2\/categories?post=11535"},{"taxonomy":"post_tag","embeddable":true,"href":"https:\/\/www.ibermusicas.org\/index.php\/wp-json\/wp\/v2\/tags?post=11535"}],"curies":[{"name":"wp","href":"https:\/\/api.w.org\/{rel}","templated":true}]}}