{"id":11548,"date":"2022-04-07T18:59:23","date_gmt":"2022-04-07T18:59:23","guid":{"rendered":"https:\/\/www.ibermusicas.org\/?p=11548"},"modified":"2022-05-03T20:38:27","modified_gmt":"2022-05-03T20:38:27","slug":"el-jazz-day-asuncion-de-paraguay-presenta-las-master-classes-de-la-cantante-brasilena-ana-malta","status":"publish","type":"post","link":"https:\/\/www.ibermusicas.org\/index.php\/el-jazz-day-asuncion-de-paraguay-presenta-las-master-classes-de-la-cantante-brasilena-ana-malta\/","title":{"rendered":"El Jazz Day Asunci\u00f3n de Paraguay presenta las Master Classes de la cantante brasile\u00f1a Ana Malta"},"content":{"rendered":"<p>En el mes de abril Ana Malta va a realizar sus Master Classes &#8211; Improvisaci\u00f3n Vocal con \u00c9nfasis en los ritmos brasile\u00f1os &#8211; Samba y Bai\u00e3o.<\/p>\n<p>El proyecto consiste en cuatro encuentros virtuales con una duraci\u00f3n de dos horas. El primer d\u00eda, Ana Malta, docente del curso de Canto MPB\/Jazz del Conservatorio de Tatu\u00ed, realiza una explicaci\u00f3n te\u00f3rica sobre la voz instrumental, sus conceptos, precursores y referencias en la m\u00fasica brasile\u00f1a; a la vez que presenta un enfoque pr\u00e1ctico sobre la improvisaci\u00f3n vocal en los ritmos brasile\u00f1os a trav\u00e9s de ejemplos de fraseos, c\u00e9lulas r\u00edtmicas y acentos espec\u00edficos. En los siguientes d\u00edas, Ana Malta invita a algunos estudiantes a improvisar utilizando los conceptos y herramientas presentadas en la primera clase con el fin de poner en pr\u00e1ctica el contenido abordado.<\/p>\n<p>Ana Malta (cantante y productora general del proyecto) Inici\u00f3 sus estudios en el Conservatorio Dram\u00e1tico y Musical Dr. Carlos de Campos de Tatu\u00ed. En esta instituci\u00f3n se form\u00f3 en canto l\u00edrico y canto popular (MPB\/JAZZ). En 2003, fue invitada por Andr\u00e9 Marques a integrar la Vintena Brasileira, siendo la \u00fanica cantante del grupo. Con Vintena, grab\u00f3 el CD \u00abDe Baque as Avessas\u00bb, lanzado en junio de 2008. En 2010, el grupo comparti\u00f3 el escenario con Hermeto Pascoal en un concierto realizado en S\u00e3o Paulo. En 2009 ingresa como profesora de m\u00fasica, en la especialidad canto popular, en el Conservatorio de Tatu\u00ed. En 2011 lanza el segundo CD \u00abLaberinto\u00bb con la Vintena Brasileira, el disco cuenta con la participaci\u00f3n especial de Hermeto Pascoal. En enero de 2012 el grupo realiz\u00f3 un show en el SESC Vila Mariana con la participaci\u00f3n del mandolinista Hamilton de Holanda. En 2015, con Vintena Brasileira, lanza el tercer CD, \u00abBituca\u00bb, que presenta canciones de Milton Nascimento arregladas por Andr\u00e9 Marques. En 2018 lanza el cuarto CD con la Vintena Brasileira, \u00ab(r) Existir\u00bb, realizando diversos shows por el estado de S\u00e3o Paulo. En 2019 lanza su primer CD autoral \u00abOtra Voz\u00bb, en este trabajo, la cantante presenta otras posibilidades del instrumento voz, adem\u00e1s de firmar los arreglos y composiciones. En 2021 fue invitada a impartir un taller sobre \u00abVoz Instrumental e improvisaci\u00f3n vocal con \u00e9nfasis en los ritmos brasile\u00f1os\u00bb por la Universidad Federal de Para\u00edba (UFPB). En el mismo a\u00f1o realiz\u00f3 el \u00abTaller de Voz instrumental e Improvisaci\u00f3n Vocal\u00bb por el proyecto \u00abInstrumental Brasile\u00f1as\u00bb contemplado por la Ley Aldir Blanc del estado de R\u00edo de Janeiro.<\/p>\n<p>10, 15, 16 y 17 de abril de. 15:00 hs. a las 17:00 hs. (horario de Paraguay)<br \/>\nEnlace de inscripci\u00f3n:\u00a0<a href=\"mailto:sincopaproducciones@gmail.com\" target=\"_blank\" rel=\"noopener\">sincopaproducciones@gmail.com<\/a><\/p>\n","protected":false},"excerpt":{"rendered":"<p>En el mes de abril Ana Malta va a realizar sus Master Classes &#8211; Improvisaci\u00f3n Vocal con \u00c9nfasis en los ritmos brasile\u00f1os &#8211; Samba y Bai\u00e3o. El proyecto consiste en cuatro encuentros virtuales con una duraci\u00f3n de dos horas. El primer d\u00eda, Ana Malta, docente del curso de Canto MPB\/Jazz del Conservatorio de Tatu\u00ed, realiza [&hellip;]<\/p>\n","protected":false},"author":1,"featured_media":11549,"comment_status":"closed","ping_status":"closed","sticky":false,"template":"","format":"standard","meta":{"_monsterinsights_skip_tracking":false,"_monsterinsights_sitenote_active":false,"_monsterinsights_sitenote_note":"","_monsterinsights_sitenote_category":0,"footnotes":""},"categories":[53],"tags":[],"class_list":["post-11548","post","type-post","status-publish","format-standard","has-post-thumbnail","hentry","category-noticias-generales"],"lang":"es","translations":{"es":11548,"pt":11551},"pll_sync_post":[],"post_mailing_queue_ids":[],"_links":{"self":[{"href":"https:\/\/www.ibermusicas.org\/index.php\/wp-json\/wp\/v2\/posts\/11548","targetHints":{"allow":["GET"]}}],"collection":[{"href":"https:\/\/www.ibermusicas.org\/index.php\/wp-json\/wp\/v2\/posts"}],"about":[{"href":"https:\/\/www.ibermusicas.org\/index.php\/wp-json\/wp\/v2\/types\/post"}],"author":[{"embeddable":true,"href":"https:\/\/www.ibermusicas.org\/index.php\/wp-json\/wp\/v2\/users\/1"}],"replies":[{"embeddable":true,"href":"https:\/\/www.ibermusicas.org\/index.php\/wp-json\/wp\/v2\/comments?post=11548"}],"version-history":[{"count":0,"href":"https:\/\/www.ibermusicas.org\/index.php\/wp-json\/wp\/v2\/posts\/11548\/revisions"}],"wp:featuredmedia":[{"embeddable":true,"href":"https:\/\/www.ibermusicas.org\/index.php\/wp-json\/wp\/v2\/media\/11549"}],"wp:attachment":[{"href":"https:\/\/www.ibermusicas.org\/index.php\/wp-json\/wp\/v2\/media?parent=11548"}],"wp:term":[{"taxonomy":"category","embeddable":true,"href":"https:\/\/www.ibermusicas.org\/index.php\/wp-json\/wp\/v2\/categories?post=11548"},{"taxonomy":"post_tag","embeddable":true,"href":"https:\/\/www.ibermusicas.org\/index.php\/wp-json\/wp\/v2\/tags?post=11548"}],"curies":[{"name":"wp","href":"https:\/\/api.w.org\/{rel}","templated":true}]}}