{"id":11551,"date":"2022-04-07T19:00:57","date_gmt":"2022-04-07T19:00:57","guid":{"rendered":"https:\/\/www.ibermusicas.org\/?p=11551"},"modified":"2022-05-03T20:40:40","modified_gmt":"2022-05-03T20:40:40","slug":"o-jazz-day-asuncion-de-paraguay-apresenta-as-master-classes-da-cantora-brasileira-ana-malta","status":"publish","type":"post","link":"https:\/\/www.ibermusicas.org\/index.php\/o-jazz-day-asuncion-de-paraguay-apresenta-as-master-classes-da-cantora-brasileira-ana-malta\/","title":{"rendered":"O Jazz Day Asunci\u00f3n de Paraguay apresenta as Master Classes da cantora brasileira Ana Malta"},"content":{"rendered":"<p>No m\u00eas de abril Ana Malta vai realizar suas Master Classes &#8211; Improvisa\u00e7\u00e3o Vocal com \u00canfase nos ritmos brasileiros &#8211; Samba e Bai\u00e3o.<\/p>\n<p>O projeto consiste em quatro encontros virtuais com a dura\u00e7\u00e3o de duas horas. No primeiro dia, Ana Malta, docente do curso de Canto MPB\/Jazz do Conservat\u00f3rio de Tatu\u00ed, faz uma explana\u00e7\u00e3o te\u00f3rica sobre a voz instrumental, seus conceitos, precursores e refer\u00eancias na m\u00fasica brasileira; bem como, apresenta uma abordagem pr\u00e1tica sobre a improvisa\u00e7\u00e3o vocal nos ritmos brasileiros, atrav\u00e9s de exemplos de fraseados, c\u00e9lulas r\u00edtmicas e acentua\u00e7\u00f5es espec\u00edficas. Nos seguintes dias, Ana Malta convida alguns alunos para improvisar utilizando os conceitos e ferramentas apresentadas na primeira aula, a fim de colocar em pr\u00e1tica o conte\u00fado abordado.<\/p>\n<p>Ana Malta (cantora e produtora geral do projeto) Iniciou seus estudos no Conservat\u00f3rio Dram\u00e1tico e Musical Dr. Carlos de Campos de Tatu\u00ed. Nesta institui\u00e7\u00e3o formou-se em canto l\u00edrico e canto popular (MPB\/JAZZ). Em 2003, foi convidada por Andr\u00e9 Marques a integrar a Vintena Brasileira, sendo a \u00fanica cantora do grupo. Com a Vintena, gravou o CD \u201cDe Baque \u00e0s Avessas\u201d, lan\u00e7ado em junho de 2008. Em 2010, o grupo dividiu o palco com Hermeto Pascoal em show realizado em S\u00e3o Paulo. Em 2009 ingressa como professora de m\u00fasica, na especialidade canto popular, no Conservat\u00f3rio de Tatu\u00ed. Em 2011 lan\u00e7a o segundo CD \u201cLabirinto\u201d com a Vintena Brasileira, o disco conta com a participa\u00e7\u00e3o especial de Hermeto Pascoal. Em janeiro de 2012 o grupo realizou show no SESC Vila Mariana com participa\u00e7\u00e3o do bandolinista Hamilton de Holanda. Em 2015, com a Vintena Brasileira, lan\u00e7a o terceiro CD, \u201cBituca\u201d&#8217;, que apresenta m\u00fasicas de Milton Nascimento arranjadas por Andr\u00e9 Marques. Em 2018 lan\u00e7a o quarto CD com a Vintena Brasileira, \u201c(r) Existir\u201d, realizando diversos shows pelo estado de S\u00e3o Paulo. Em 2019 lan\u00e7a seu primeiro CD autoral \u201cOutra Voz\u201d, neste trabalho, a cantora apresenta outras possibilidades do instrumento voz, al\u00e9m de assinar os arranjos e composi\u00e7\u00f5es. Em 2021 foi convidada a ministrar um workshop sobre \u201cVoz Instrumental e improvisa\u00e7\u00e3o vocal com \u00eanfase nos ritmos brasileiros\u201d pela Universidade Federal da Para\u00edba (UFPB). No mesmo ano realizou a \u201cOficina de Voz instrumental e Improvisa\u00e7\u00e3o vocal\u201d pelo projeto \u201cInstrumental Brasileiras\u201d contemplado pela Lei Aldir Blanc do estado do Rio de Janeiro.<\/p>\n<p>10, 15, 16 e 17 de abril de. 15:00 hs. \u00e0s 17:00 hs. (hor\u00e1rio de Paraguai)<br \/>\nLink para inscri\u00e7\u00e3o:\u00a0<a href=\"mailto:sincopaproducciones@gmail.com\" target=\"_blank\" rel=\"noopener\">sincopaproducciones@gmail.com<\/a><\/p>\n","protected":false},"excerpt":{"rendered":"<p>No m\u00eas de abril Ana Malta vai realizar suas Master Classes &#8211; Improvisa\u00e7\u00e3o Vocal com \u00canfase nos ritmos brasileiros &#8211; Samba e Bai\u00e3o. O projeto consiste em quatro encontros virtuais com a dura\u00e7\u00e3o de duas horas. No primeiro dia, Ana Malta, docente do curso de Canto MPB\/Jazz do Conservat\u00f3rio de Tatu\u00ed, faz uma explana\u00e7\u00e3o te\u00f3rica [&hellip;]<\/p>\n","protected":false},"author":1,"featured_media":11549,"comment_status":"closed","ping_status":"closed","sticky":false,"template":"","format":"standard","meta":{"_monsterinsights_skip_tracking":false,"_monsterinsights_sitenote_active":false,"_monsterinsights_sitenote_note":"","_monsterinsights_sitenote_category":0,"footnotes":""},"categories":[218],"tags":[],"class_list":["post-11551","post","type-post","status-publish","format-standard","has-post-thumbnail","hentry","category-noticias-generales-pt"],"lang":"pt","translations":{"pt":11551,"es":11548},"pll_sync_post":[],"post_mailing_queue_ids":[],"_links":{"self":[{"href":"https:\/\/www.ibermusicas.org\/index.php\/wp-json\/wp\/v2\/posts\/11551","targetHints":{"allow":["GET"]}}],"collection":[{"href":"https:\/\/www.ibermusicas.org\/index.php\/wp-json\/wp\/v2\/posts"}],"about":[{"href":"https:\/\/www.ibermusicas.org\/index.php\/wp-json\/wp\/v2\/types\/post"}],"author":[{"embeddable":true,"href":"https:\/\/www.ibermusicas.org\/index.php\/wp-json\/wp\/v2\/users\/1"}],"replies":[{"embeddable":true,"href":"https:\/\/www.ibermusicas.org\/index.php\/wp-json\/wp\/v2\/comments?post=11551"}],"version-history":[{"count":0,"href":"https:\/\/www.ibermusicas.org\/index.php\/wp-json\/wp\/v2\/posts\/11551\/revisions"}],"wp:featuredmedia":[{"embeddable":true,"href":"https:\/\/www.ibermusicas.org\/index.php\/wp-json\/wp\/v2\/media\/11549"}],"wp:attachment":[{"href":"https:\/\/www.ibermusicas.org\/index.php\/wp-json\/wp\/v2\/media?parent=11551"}],"wp:term":[{"taxonomy":"category","embeddable":true,"href":"https:\/\/www.ibermusicas.org\/index.php\/wp-json\/wp\/v2\/categories?post=11551"},{"taxonomy":"post_tag","embeddable":true,"href":"https:\/\/www.ibermusicas.org\/index.php\/wp-json\/wp\/v2\/tags?post=11551"}],"curies":[{"name":"wp","href":"https:\/\/api.w.org\/{rel}","templated":true}]}}