{"id":11702,"date":"2022-05-05T18:12:02","date_gmt":"2022-05-05T18:12:02","guid":{"rendered":"https:\/\/www.ibermusicas.org\/?p=11702"},"modified":"2022-05-05T18:12:02","modified_gmt":"2022-05-05T18:12:02","slug":"hugo-ferreira-20-anos-e-o-novo-disco-e-obra-audiovisual-deste-grande-cantor-e-compositor-paraguaio","status":"publish","type":"post","link":"https:\/\/www.ibermusicas.org\/index.php\/hugo-ferreira-20-anos-e-o-novo-disco-e-obra-audiovisual-deste-grande-cantor-e-compositor-paraguaio\/","title":{"rendered":"Hugo Ferreira &#8211; 20 anos, \u00e9 o novo disco e obra audiovisual deste grande cantor e compositor paraguaio"},"content":{"rendered":"<p>O cantor e compositor paraguaio Hugo Ferreira apresenta um projeto que consiste na grava\u00e7\u00e3o, edi\u00e7\u00e3o, mixagem, masteriza\u00e7\u00e3o e edi\u00e7\u00e3o de v\u00eddeo de dez m\u00fasicas in\u00e9ditas de sua autoria. As mesmas ser\u00e3o acompanhadas de um videoclipe a ser veiculado nas redes sociais e plataformas de distribui\u00e7\u00e3o digital. Este novo \u00e1lbum constitui um avan\u00e7o significativo na carreira do cantor e compositor, dado o alto n\u00edvel liter\u00e1rio e musical das can\u00e7\u00f5es propostas e a participa\u00e7\u00e3o de artistas consagrados no campo da m\u00fasica popular latino-americana, que, distribu\u00eddos por todo o mundo, trabalhar\u00e3o em rede, virtual e online. Ele contar\u00e1 com o produtor argentino Willy Suchar trabalhando no Paraguai; o baixista brasileiro Alex Mesquita do Brasil; o violonista paraguaio radicado em Washington Dani Cortaza dos Estados Unidos, o renomado pianista uruguaio Hugo Fattoruso do Uruguai, assim como o produtor uruguaio Martin Brizolara, os argentinos Juan Carlos Baglietto e Lito Vitale, a lend\u00e1ria dupla uruguaia Larbanois-Carrero e o cantor compositor e produtor peruano Javier Lazo. O \u00e1lbum traz composi\u00e7\u00f5es em ritmos folcl\u00f3ricos paraguaios e latino-americanos em fus\u00f5es com ares de jazz, pop e rock.<\/p>\n","protected":false},"excerpt":{"rendered":"<p>O cantor e compositor paraguaio Hugo Ferreira apresenta um projeto que consiste na grava\u00e7\u00e3o, edi\u00e7\u00e3o, mixagem, masteriza\u00e7\u00e3o e edi\u00e7\u00e3o de v\u00eddeo de dez m\u00fasicas in\u00e9ditas de sua autoria. As mesmas ser\u00e3o acompanhadas de um videoclipe a ser veiculado nas redes sociais e plataformas de distribui\u00e7\u00e3o digital. Este novo \u00e1lbum constitui um avan\u00e7o significativo na carreira [&hellip;]<\/p>\n","protected":false},"author":1,"featured_media":11700,"comment_status":"closed","ping_status":"closed","sticky":false,"template":"","format":"standard","meta":{"_monsterinsights_skip_tracking":false,"_monsterinsights_sitenote_active":false,"_monsterinsights_sitenote_note":"","_monsterinsights_sitenote_category":0,"footnotes":""},"categories":[218],"tags":[],"class_list":["post-11702","post","type-post","status-publish","format-standard","has-post-thumbnail","hentry","category-noticias-generales-pt"],"lang":"pt","translations":{"pt":11702,"es":11699},"pll_sync_post":[],"post_mailing_queue_ids":[],"_links":{"self":[{"href":"https:\/\/www.ibermusicas.org\/index.php\/wp-json\/wp\/v2\/posts\/11702","targetHints":{"allow":["GET"]}}],"collection":[{"href":"https:\/\/www.ibermusicas.org\/index.php\/wp-json\/wp\/v2\/posts"}],"about":[{"href":"https:\/\/www.ibermusicas.org\/index.php\/wp-json\/wp\/v2\/types\/post"}],"author":[{"embeddable":true,"href":"https:\/\/www.ibermusicas.org\/index.php\/wp-json\/wp\/v2\/users\/1"}],"replies":[{"embeddable":true,"href":"https:\/\/www.ibermusicas.org\/index.php\/wp-json\/wp\/v2\/comments?post=11702"}],"version-history":[{"count":0,"href":"https:\/\/www.ibermusicas.org\/index.php\/wp-json\/wp\/v2\/posts\/11702\/revisions"}],"wp:featuredmedia":[{"embeddable":true,"href":"https:\/\/www.ibermusicas.org\/index.php\/wp-json\/wp\/v2\/media\/11700"}],"wp:attachment":[{"href":"https:\/\/www.ibermusicas.org\/index.php\/wp-json\/wp\/v2\/media?parent=11702"}],"wp:term":[{"taxonomy":"category","embeddable":true,"href":"https:\/\/www.ibermusicas.org\/index.php\/wp-json\/wp\/v2\/categories?post=11702"},{"taxonomy":"post_tag","embeddable":true,"href":"https:\/\/www.ibermusicas.org\/index.php\/wp-json\/wp\/v2\/tags?post=11702"}],"curies":[{"name":"wp","href":"https:\/\/api.w.org\/{rel}","templated":true}]}}