{"id":11819,"date":"2022-05-16T21:59:48","date_gmt":"2022-05-16T21:59:48","guid":{"rendered":"https:\/\/www.ibermusicas.org\/?p=11819"},"modified":"2022-05-16T21:59:48","modified_gmt":"2022-05-16T21:59:48","slug":"llega-la-4-edicion-del-festival-del-acordeon-de-cordoba-argentina","status":"publish","type":"post","link":"https:\/\/www.ibermusicas.org\/index.php\/llega-la-4-edicion-del-festival-del-acordeon-de-cordoba-argentina\/","title":{"rendered":"Llega la 4\u00b0 edici\u00f3n del Festival del Acorde\u00f3n de C\u00f3rdoba, Argentina"},"content":{"rendered":"<p>La 4ta edici\u00f3n del Festival Internacional del Acorde\u00f3n de C\u00f3rdoba, Argentina, se realizar\u00e1 los d\u00edas 20 y 21 de mayo, donde se podr\u00e1n presenciar y participar de charlas, talleres y conciertos en forma virtual.<\/p>\n<p>&nbsp;<\/p>\n<p>Los conciertos estar\u00e1n a cargo de Pedro Saad, Acordeonas, La C\u00e9sar Pav\u00f3n Orquesta, Escuela Nazareno Anconetani, Juan Sans, Silvio Previale + ensamble Centro Cultural Academias Previal, -Ensamble La Higuera Escuela de Acorde\u00f3n y Edu Guimaraes<\/p>\n<p>&nbsp;<\/p>\n<p>El taller abierto en formato de reuni\u00f3n virtual sobre \u201cInterpretaci\u00f3n y arreglos de m\u00fasica popular para acorde\u00f3n\u201d estar\u00e1 a cargo de Juan Sans.<\/p>\n<p><strong>\u00a0<\/strong><\/p>\n<p>Link de transmisi\u00f3n de conciertos: <a href=\"https:\/\/www.youtube.com\/channel\/UCQKjEdZpkfLjYw0BZm4mYBg\">https:\/\/www.youtube.com\/channel\/UCQKjEdZpkfLjYw0BZm4mYBg<\/a><\/p>\n<p>Link para charla Reuni\u00f3n Virtual 20\/05: <a href=\"https:\/\/us04web.zoom.us\/j\/71552693598?pwd=7qPAjaueAC6qqmvuwUkTvHGyq2vWjW.1\">https:\/\/us04web.zoom.us\/j\/71552693598?pwd=7qPAjaueAC6qqmvuwUkTvHGyq2vWjW.1<\/a><\/p>\n<p>Link para taller Virtual 21\/05: <a href=\"https:\/\/us04web.zoom.us\/j\/73718801754?pwd=gPg0Ul7tiEw1oRoPa5KybXr1R4plxS.1\">https:\/\/us04web.zoom.us\/j\/73718801754?pwd=gPg0Ul7tiEw1oRoPa5KybXr1R4plxS.1<\/a><\/p>\n","protected":false},"excerpt":{"rendered":"<p>La 4ta edici\u00f3n del Festival Internacional del Acorde\u00f3n de C\u00f3rdoba, Argentina, se realizar\u00e1 los d\u00edas 20 y 21 de mayo, donde se podr\u00e1n presenciar y participar de charlas, talleres y conciertos en forma virtual. &nbsp; Los conciertos estar\u00e1n a cargo de Pedro Saad, Acordeonas, La C\u00e9sar Pav\u00f3n Orquesta, Escuela Nazareno Anconetani, Juan Sans, Silvio Previale [&hellip;]<\/p>\n","protected":false},"author":1,"featured_media":11820,"comment_status":"closed","ping_status":"closed","sticky":false,"template":"","format":"standard","meta":{"_monsterinsights_skip_tracking":false,"_monsterinsights_sitenote_active":false,"_monsterinsights_sitenote_note":"","_monsterinsights_sitenote_category":0,"footnotes":""},"categories":[53],"tags":[],"class_list":["post-11819","post","type-post","status-publish","format-standard","has-post-thumbnail","hentry","category-noticias-generales"],"lang":"es","translations":{"es":11819,"pt":11822},"pll_sync_post":[],"post_mailing_queue_ids":[],"_links":{"self":[{"href":"https:\/\/www.ibermusicas.org\/index.php\/wp-json\/wp\/v2\/posts\/11819","targetHints":{"allow":["GET"]}}],"collection":[{"href":"https:\/\/www.ibermusicas.org\/index.php\/wp-json\/wp\/v2\/posts"}],"about":[{"href":"https:\/\/www.ibermusicas.org\/index.php\/wp-json\/wp\/v2\/types\/post"}],"author":[{"embeddable":true,"href":"https:\/\/www.ibermusicas.org\/index.php\/wp-json\/wp\/v2\/users\/1"}],"replies":[{"embeddable":true,"href":"https:\/\/www.ibermusicas.org\/index.php\/wp-json\/wp\/v2\/comments?post=11819"}],"version-history":[{"count":0,"href":"https:\/\/www.ibermusicas.org\/index.php\/wp-json\/wp\/v2\/posts\/11819\/revisions"}],"wp:featuredmedia":[{"embeddable":true,"href":"https:\/\/www.ibermusicas.org\/index.php\/wp-json\/wp\/v2\/media\/11820"}],"wp:attachment":[{"href":"https:\/\/www.ibermusicas.org\/index.php\/wp-json\/wp\/v2\/media?parent=11819"}],"wp:term":[{"taxonomy":"category","embeddable":true,"href":"https:\/\/www.ibermusicas.org\/index.php\/wp-json\/wp\/v2\/categories?post=11819"},{"taxonomy":"post_tag","embeddable":true,"href":"https:\/\/www.ibermusicas.org\/index.php\/wp-json\/wp\/v2\/tags?post=11819"}],"curies":[{"name":"wp","href":"https:\/\/api.w.org\/{rel}","templated":true}]}}