{"id":11832,"date":"2022-05-16T22:09:13","date_gmt":"2022-05-16T22:09:13","guid":{"rendered":"https:\/\/www.ibermusicas.org\/?p=11832"},"modified":"2022-05-16T22:09:13","modified_gmt":"2022-05-16T22:09:13","slug":"do-chile-vem-el-cruce-cores-da-america","status":"publish","type":"post","link":"https:\/\/www.ibermusicas.org\/index.php\/do-chile-vem-el-cruce-cores-da-america\/","title":{"rendered":"Do Chile vem \u00abEl Cruce &#8211; Cores da Am\u00e9rica\u00bb"},"content":{"rendered":"<p>O projeto \u00abEl Cruce &#8211; Colores de Am\u00e9rica\u00bb \u200b\u200bconsiste na grava\u00e7\u00e3o de um v\u00eddeo como um concerto did\u00e1tico em que se destaca a influ\u00eancia de ritmos e instrumentos de diversos pa\u00edses da Am\u00e9rica Latina e que ao longo do tempo foram se enraizando na m\u00fasica tradicional chilena .<\/p>\n<p>&nbsp;<\/p>\n<p>O concerto ser\u00e1 dividido em quatro m\u00f3dulos tem\u00e1ticos:<\/p>\n<p>&nbsp;<\/p>\n<ul>\n<li>A presen\u00e7a da m\u00fasica mexicana principalmente no centro-sul do Chile<\/li>\n<li>O caj\u00f3n peruano e a cueca chilena<\/li>\n<li>Presen\u00e7a do bumbo leg\u00fcero e formas musicais argentinas enraizadas na m\u00fasica de raiz chilena.<\/li>\n<li>A cueca urbana, caj\u00f3n, ta\u00f1ador, colheres, instrumenta\u00e7\u00e3o mapuche e m\u00fasica de fus\u00e3o<\/li>\n<\/ul>\n<p>&nbsp;<\/p>\n<p>&nbsp;<\/p>\n<p>Sexta-feira, 27 de maio \u00e0s:<\/p>\n<p><a href=\"https:\/\/www.facebook.com\/veronicajarabanda\">https:\/\/www.facebook.com\/veronicajarabanda <\/a><\/p>\n<p><a href=\"https:\/\/www.facebook.com\/casadela.cultura.71868\">https:\/\/www.facebook.com\/casadela.cultura.71868<\/a><\/p>\n<p><a href=\"https:\/\/youtube.com\/channel\/UCSsvuhzTKcL6Dc52ND2xhuQ\">https:\/\/youtube.com\/channel\/UCSsvuhzTKcL6Dc52ND2xhuQ<\/a><\/p>\n","protected":false},"excerpt":{"rendered":"<p>O projeto \u00abEl Cruce &#8211; Colores de Am\u00e9rica\u00bb \u200b\u200bconsiste na grava\u00e7\u00e3o de um v\u00eddeo como um concerto did\u00e1tico em que se destaca a influ\u00eancia de ritmos e instrumentos de diversos pa\u00edses da Am\u00e9rica Latina e que ao longo do tempo foram se enraizando na m\u00fasica tradicional chilena . &nbsp; O concerto ser\u00e1 dividido em quatro [&hellip;]<\/p>\n","protected":false},"author":1,"featured_media":11830,"comment_status":"closed","ping_status":"closed","sticky":false,"template":"","format":"standard","meta":{"_monsterinsights_skip_tracking":false,"_monsterinsights_sitenote_active":false,"_monsterinsights_sitenote_note":"","_monsterinsights_sitenote_category":0,"footnotes":""},"categories":[218],"tags":[],"class_list":["post-11832","post","type-post","status-publish","format-standard","has-post-thumbnail","hentry","category-noticias-generales-pt"],"lang":"pt","translations":{"pt":11832,"es":11829},"pll_sync_post":[],"post_mailing_queue_ids":[],"_links":{"self":[{"href":"https:\/\/www.ibermusicas.org\/index.php\/wp-json\/wp\/v2\/posts\/11832","targetHints":{"allow":["GET"]}}],"collection":[{"href":"https:\/\/www.ibermusicas.org\/index.php\/wp-json\/wp\/v2\/posts"}],"about":[{"href":"https:\/\/www.ibermusicas.org\/index.php\/wp-json\/wp\/v2\/types\/post"}],"author":[{"embeddable":true,"href":"https:\/\/www.ibermusicas.org\/index.php\/wp-json\/wp\/v2\/users\/1"}],"replies":[{"embeddable":true,"href":"https:\/\/www.ibermusicas.org\/index.php\/wp-json\/wp\/v2\/comments?post=11832"}],"version-history":[{"count":0,"href":"https:\/\/www.ibermusicas.org\/index.php\/wp-json\/wp\/v2\/posts\/11832\/revisions"}],"wp:featuredmedia":[{"embeddable":true,"href":"https:\/\/www.ibermusicas.org\/index.php\/wp-json\/wp\/v2\/media\/11830"}],"wp:attachment":[{"href":"https:\/\/www.ibermusicas.org\/index.php\/wp-json\/wp\/v2\/media?parent=11832"}],"wp:term":[{"taxonomy":"category","embeddable":true,"href":"https:\/\/www.ibermusicas.org\/index.php\/wp-json\/wp\/v2\/categories?post=11832"},{"taxonomy":"post_tag","embeddable":true,"href":"https:\/\/www.ibermusicas.org\/index.php\/wp-json\/wp\/v2\/tags?post=11832"}],"curies":[{"name":"wp","href":"https:\/\/api.w.org\/{rel}","templated":true}]}}