{"id":11834,"date":"2022-05-16T22:10:35","date_gmt":"2022-05-16T22:10:35","guid":{"rendered":"https:\/\/www.ibermusicas.org\/?p=11834"},"modified":"2022-06-06T17:55:04","modified_gmt":"2022-06-06T17:55:04","slug":"se-estrena-el-video-de-abraco-cumbiero-portugal-argentina","status":"publish","type":"post","link":"https:\/\/www.ibermusicas.org\/index.php\/se-estrena-el-video-de-abraco-cumbiero-portugal-argentina\/","title":{"rendered":"Se estrena el video de \u201cAbra\u00e7o Cumbiero: Portugal + Argentina\u00bb"},"content":{"rendered":"<p>Llega el estreno del video que da cuenta del trabajo realizado en el marco de la residencia virtual llevada a cabo por Pablo Coronel (Portugal), Noelia Sinkunas (Argentina), Chiara Bolignari (Portugal), Diego Miguel Ponce (Argentina), Carolina Varela (Portugal), Elenar Guarner (Argentina) y Matias Jalil (Argentina).<\/p>\n<p>&nbsp;<\/p>\n<p>El proyecto \u00abAbraco cumbiero: Portugal + Argentina\u00bb busc\u00f3 estimular y promover los lazos de uni\u00f3n entre Portugal y Argentina, fomentando el encuentro art\u00edstico y la creaci\u00f3n colectiva, apostando por la mezcla, en la polifon\u00eda de voces que cruzan el Atl\u00e1ntico, el aprendizaje y la ense\u00f1anza.<\/p>\n<p>&nbsp;<\/p>\n<p>Lunes 16 de mayo a las 18:00 hs. (Argentina) \/ 22:00 hs (Portuga) en:\u00a0 <a href=\"https:\/\/youtu.be\/iPj2WfvOFXo\">https:\/\/youtu.be\/iPj2WfvOFXo<\/a><\/p>\n","protected":false},"excerpt":{"rendered":"<p>Llega el estreno del video que da cuenta del trabajo realizado en el marco de la residencia virtual llevada a cabo por Pablo Coronel (Portugal), Noelia Sinkunas (Argentina), Chiara Bolignari (Portugal), Diego Miguel Ponce (Argentina), Carolina Varela (Portugal), Elenar Guarner (Argentina) y Matias Jalil (Argentina). &nbsp; El proyecto \u00abAbraco cumbiero: Portugal + Argentina\u00bb busc\u00f3 estimular [&hellip;]<\/p>\n","protected":false},"author":1,"featured_media":11835,"comment_status":"closed","ping_status":"closed","sticky":false,"template":"","format":"standard","meta":{"_monsterinsights_skip_tracking":false,"_monsterinsights_sitenote_active":false,"_monsterinsights_sitenote_note":"","_monsterinsights_sitenote_category":0,"footnotes":""},"categories":[53],"tags":[],"class_list":["post-11834","post","type-post","status-publish","format-standard","has-post-thumbnail","hentry","category-noticias-generales"],"lang":"es","translations":{"es":11834,"pt":11837},"pll_sync_post":[],"post_mailing_queue_ids":[],"_links":{"self":[{"href":"https:\/\/www.ibermusicas.org\/index.php\/wp-json\/wp\/v2\/posts\/11834","targetHints":{"allow":["GET"]}}],"collection":[{"href":"https:\/\/www.ibermusicas.org\/index.php\/wp-json\/wp\/v2\/posts"}],"about":[{"href":"https:\/\/www.ibermusicas.org\/index.php\/wp-json\/wp\/v2\/types\/post"}],"author":[{"embeddable":true,"href":"https:\/\/www.ibermusicas.org\/index.php\/wp-json\/wp\/v2\/users\/1"}],"replies":[{"embeddable":true,"href":"https:\/\/www.ibermusicas.org\/index.php\/wp-json\/wp\/v2\/comments?post=11834"}],"version-history":[{"count":0,"href":"https:\/\/www.ibermusicas.org\/index.php\/wp-json\/wp\/v2\/posts\/11834\/revisions"}],"wp:featuredmedia":[{"embeddable":true,"href":"https:\/\/www.ibermusicas.org\/index.php\/wp-json\/wp\/v2\/media\/11835"}],"wp:attachment":[{"href":"https:\/\/www.ibermusicas.org\/index.php\/wp-json\/wp\/v2\/media?parent=11834"}],"wp:term":[{"taxonomy":"category","embeddable":true,"href":"https:\/\/www.ibermusicas.org\/index.php\/wp-json\/wp\/v2\/categories?post=11834"},{"taxonomy":"post_tag","embeddable":true,"href":"https:\/\/www.ibermusicas.org\/index.php\/wp-json\/wp\/v2\/tags?post=11834"}],"curies":[{"name":"wp","href":"https:\/\/api.w.org\/{rel}","templated":true}]}}