{"id":11858,"date":"2022-05-16T22:24:15","date_gmt":"2022-05-16T22:24:15","guid":{"rendered":"https:\/\/www.ibermusicas.org\/?p=11858"},"modified":"2022-06-06T17:56:51","modified_gmt":"2022-06-06T17:56:51","slug":"abimael-herrera-do-panama-e-beto-lobo-do-mexico-vao-partilhar-o-concerto-vivir-2022","status":"publish","type":"post","link":"https:\/\/www.ibermusicas.org\/index.php\/abimael-herrera-do-panama-e-beto-lobo-do-mexico-vao-partilhar-o-concerto-vivir-2022\/","title":{"rendered":"Abimael Herrera do Panam\u00e1 e Beto Lobo do M\u00e9xico v\u00e3o partilhar o concerto \u00abVivir 2022\u00bb"},"content":{"rendered":"<p>O concerto \u201cVivir 2022\u201d consistir\u00e1 em duas apresenta\u00e7\u00f5es musicais quase simult\u00e2neas. Ser\u00e3o dois concertos presenciais que por sua vez ser\u00e3o transmitidos em formato virtual. O concerto do artista panamenho ser\u00e1 presenciado virtualmente pelo p\u00fablico do artista mexicano e o mesmo acontecer\u00e1 ao contr\u00e1rio.<\/p>\n<p>&nbsp;<\/p>\n<p>Beto Lobo \u00e9 um cantor, compositor e multi-instrumentista de San Luis Potos\u00ed que iniciou sua carreira como m\u00fasico profissional aos 15 anos. J\u00e1 possui 150 can\u00e7\u00f5es registradas na Sociedade de Autores e Compositores do M\u00e9xico. Gravou dez \u00e1lbuns de est\u00fadio e um ao vivo.<\/p>\n<p>&nbsp;<\/p>\n<p>Abimael Herrera \u00e9 um jovem cantor de origem panamenha, nascido na cidade de Sabaneta, distrito de La Pintada, prov\u00edncia de Cocl\u00e9, no Panam\u00e1. Em 2006, com apenas 12 anos, lan\u00e7ou seu primeiro \u00e1lbum intitulado \u201cAbriendo Caminos\u201d.<\/p>\n<p>&nbsp;<\/p>\n<p>S\u00e1bado, 21 de maio, \u00e0s 19h.<\/p>\n<p>Anfiteatro El Meson Penonom\u00e9, Panam\u00e1<\/p>\n<p><a href=\"https:\/\/www.facebook.com\/groups\/4428434657168142\">https:\/\/www.facebook.com\/groups\/4428434657168142<\/a><\/p>\n","protected":false},"excerpt":{"rendered":"<p>O concerto \u201cVivir 2022\u201d consistir\u00e1 em duas apresenta\u00e7\u00f5es musicais quase simult\u00e2neas. Ser\u00e3o dois concertos presenciais que por sua vez ser\u00e3o transmitidos em formato virtual. O concerto do artista panamenho ser\u00e1 presenciado virtualmente pelo p\u00fablico do artista mexicano e o mesmo acontecer\u00e1 ao contr\u00e1rio. &nbsp; Beto Lobo \u00e9 um cantor, compositor e multi-instrumentista de San Luis [&hellip;]<\/p>\n","protected":false},"author":1,"featured_media":11856,"comment_status":"closed","ping_status":"closed","sticky":false,"template":"","format":"standard","meta":{"_monsterinsights_skip_tracking":false,"_monsterinsights_sitenote_active":false,"_monsterinsights_sitenote_note":"","_monsterinsights_sitenote_category":0,"footnotes":""},"categories":[218],"tags":[],"class_list":["post-11858","post","type-post","status-publish","format-standard","has-post-thumbnail","hentry","category-noticias-generales-pt"],"lang":"pt","translations":{"pt":11858,"es":11855},"pll_sync_post":[],"post_mailing_queue_ids":[],"_links":{"self":[{"href":"https:\/\/www.ibermusicas.org\/index.php\/wp-json\/wp\/v2\/posts\/11858","targetHints":{"allow":["GET"]}}],"collection":[{"href":"https:\/\/www.ibermusicas.org\/index.php\/wp-json\/wp\/v2\/posts"}],"about":[{"href":"https:\/\/www.ibermusicas.org\/index.php\/wp-json\/wp\/v2\/types\/post"}],"author":[{"embeddable":true,"href":"https:\/\/www.ibermusicas.org\/index.php\/wp-json\/wp\/v2\/users\/1"}],"replies":[{"embeddable":true,"href":"https:\/\/www.ibermusicas.org\/index.php\/wp-json\/wp\/v2\/comments?post=11858"}],"version-history":[{"count":0,"href":"https:\/\/www.ibermusicas.org\/index.php\/wp-json\/wp\/v2\/posts\/11858\/revisions"}],"wp:featuredmedia":[{"embeddable":true,"href":"https:\/\/www.ibermusicas.org\/index.php\/wp-json\/wp\/v2\/media\/11856"}],"wp:attachment":[{"href":"https:\/\/www.ibermusicas.org\/index.php\/wp-json\/wp\/v2\/media?parent=11858"}],"wp:term":[{"taxonomy":"category","embeddable":true,"href":"https:\/\/www.ibermusicas.org\/index.php\/wp-json\/wp\/v2\/categories?post=11858"},{"taxonomy":"post_tag","embeddable":true,"href":"https:\/\/www.ibermusicas.org\/index.php\/wp-json\/wp\/v2\/tags?post=11858"}],"curies":[{"name":"wp","href":"https:\/\/api.w.org\/{rel}","templated":true}]}}