{"id":11868,"date":"2022-05-16T22:32:23","date_gmt":"2022-05-16T22:32:23","guid":{"rendered":"https:\/\/www.ibermusicas.org\/?p=11868"},"modified":"2022-05-19T18:18:59","modified_gmt":"2022-05-19T18:18:59","slug":"belen-pasqualini-argentina-e-antonio-revez-portugal-vao-realizar-uma-tournee-de-la-luna-es-la-luna-em-buenos-aires-e-em-lisboa-por-varios-locais-na-argentina","status":"publish","type":"post","link":"https:\/\/www.ibermusicas.org\/index.php\/belen-pasqualini-argentina-e-antonio-revez-portugal-vao-realizar-uma-tournee-de-la-luna-es-la-luna-em-buenos-aires-e-em-lisboa-por-varios-locais-na-argentina\/","title":{"rendered":"Bel\u00e9n Pasqualini (Argentina) e Ant\u00f3nio Revez (Portugal) v\u00e3o realizar uma tourn\u00e9e de \u00abLa luna es la luna em Buenos Aires e em Lisboa\u00bb por v\u00e1rios locais na Argentina"},"content":{"rendered":"<p>O indiv\u00edduo que n\u00e3o \u00e9 \u00abum\u00bb, mas \u00abcem mil\u00bb, algu\u00e9m com tantas personalidades quanto os outros podem atribuir a ele. Dois personagens do show business se encontram, acidentalmente, longe das televis\u00f5es e de seu habitat cotidiano. Imersos em altas temperaturas e confiss\u00f5es, atrav\u00e9s de conversas e m\u00fasica acontece um &#8216;strip-tease emocional&#8217; em que ambas as personalidades trocam seus personagens para se vestirem como elas mesmas. Bel\u00e9n e Ant\u00f3nio co-criaram esta obra que j\u00e1 estreou em Portugal e chega agora \u00e0 Argentina.<\/p>\n<p>&nbsp;<\/p>\n<p>Sexta-feira 20 de maio: #LaPlata Theatre Studio<\/p>\n<p>Ter\u00e7a-feira, 24 e 31 de maio: #CABA NUN Teatro-Bar<\/p>\n<p>Sexta-feira 27 de maio: #SantaRosa #LaPampa @teatrotkq<\/p>\n<p>S\u00e1bado 28 de maio: #IntendenteAlvear #LaPampa La Chimera, cultura e arte Paula Gette<\/p>\n<p>Domingo 29 de maio: #GeneralPico #LaPampa Barulho e Nozes &#8211; Teatro<\/p>\n<p>Inscri\u00e7\u00f5es no link: <a href=\"https:\/\/linktr.ee\/Belenpas\">https:\/\/linktr.ee\/Belenpas<\/a><\/p>\n","protected":false},"excerpt":{"rendered":"<p>O indiv\u00edduo que n\u00e3o \u00e9 \u00abum\u00bb, mas \u00abcem mil\u00bb, algu\u00e9m com tantas personalidades quanto os outros podem atribuir a ele. Dois personagens do show business se encontram, acidentalmente, longe das televis\u00f5es e de seu habitat cotidiano. Imersos em altas temperaturas e confiss\u00f5es, atrav\u00e9s de conversas e m\u00fasica acontece um &#8216;strip-tease emocional&#8217; em que ambas as [&hellip;]<\/p>\n","protected":false},"author":1,"featured_media":11866,"comment_status":"closed","ping_status":"closed","sticky":false,"template":"","format":"standard","meta":{"_monsterinsights_skip_tracking":false,"_monsterinsights_sitenote_active":false,"_monsterinsights_sitenote_note":"","_monsterinsights_sitenote_category":0,"footnotes":""},"categories":[218],"tags":[],"class_list":["post-11868","post","type-post","status-publish","format-standard","has-post-thumbnail","hentry","category-noticias-generales-pt"],"lang":"pt","translations":{"pt":11868,"es":11865},"pll_sync_post":[],"post_mailing_queue_ids":[],"_links":{"self":[{"href":"https:\/\/www.ibermusicas.org\/index.php\/wp-json\/wp\/v2\/posts\/11868","targetHints":{"allow":["GET"]}}],"collection":[{"href":"https:\/\/www.ibermusicas.org\/index.php\/wp-json\/wp\/v2\/posts"}],"about":[{"href":"https:\/\/www.ibermusicas.org\/index.php\/wp-json\/wp\/v2\/types\/post"}],"author":[{"embeddable":true,"href":"https:\/\/www.ibermusicas.org\/index.php\/wp-json\/wp\/v2\/users\/1"}],"replies":[{"embeddable":true,"href":"https:\/\/www.ibermusicas.org\/index.php\/wp-json\/wp\/v2\/comments?post=11868"}],"version-history":[{"count":0,"href":"https:\/\/www.ibermusicas.org\/index.php\/wp-json\/wp\/v2\/posts\/11868\/revisions"}],"wp:featuredmedia":[{"embeddable":true,"href":"https:\/\/www.ibermusicas.org\/index.php\/wp-json\/wp\/v2\/media\/11866"}],"wp:attachment":[{"href":"https:\/\/www.ibermusicas.org\/index.php\/wp-json\/wp\/v2\/media?parent=11868"}],"wp:term":[{"taxonomy":"category","embeddable":true,"href":"https:\/\/www.ibermusicas.org\/index.php\/wp-json\/wp\/v2\/categories?post=11868"},{"taxonomy":"post_tag","embeddable":true,"href":"https:\/\/www.ibermusicas.org\/index.php\/wp-json\/wp\/v2\/tags?post=11868"}],"curies":[{"name":"wp","href":"https:\/\/api.w.org\/{rel}","templated":true}]}}