{"id":12121,"date":"2022-06-06T17:26:17","date_gmt":"2022-06-06T17:26:17","guid":{"rendered":"https:\/\/www.ibermusicas.org\/?p=12121"},"modified":"2022-06-06T17:26:17","modified_gmt":"2022-06-06T17:26:17","slug":"pu-joa-de-paraguay-estrena-la-obra-si-oscura-la-vista-del-compositor-chileno-cristian-morales-ossio-ganador-del-concurso-de-composicion-y-estreno-de-obra-de-ibermusicas","status":"publish","type":"post","link":"https:\/\/www.ibermusicas.org\/index.php\/pu-joa-de-paraguay-estrena-la-obra-si-oscura-la-vista-del-compositor-chileno-cristian-morales-ossio-ganador-del-concurso-de-composicion-y-estreno-de-obra-de-ibermusicas\/","title":{"rendered":"Pu Joa de Paraguay estrena la obra \u201cSi oscura la vista\u201d, del compositor chileno Cristian Morales Ossio, ganador del concurso de Composici\u00f3n y Estreno de obra de Iberm\u00fasicas"},"content":{"rendered":"<p>La obra premiada que ser\u00e1 estrenada por el Ensamble Pu Joa lleva por nombre \u201cSi oscura la vista\u201d, para tres violines, viola y violoncello. En dicho marco los int\u00e9rpretes ser\u00e1n Pierluigi Tesei, Mar\u00eda Eugenia Ben\u00edtez y H\u00e9ctor Delgado (violines), Lise N\u00fa\u00f1ez (viola) y Florencia Ocampo (violoncello). La obra ser\u00e1 interpretada por el Ensamble Pu Joa, de Paraguay en el Goethe Zentrum de la ciudad de Asunci\u00f3n.<\/p>\n<p>\u201cSi oscura la vista\u201dest\u00e1 inspirada en el primer verso del poema Morire in levit\u00e0, del poeta ruso Arsenij Tarkovsky, padre del famoso cineasta Andrei Tarkovsky. El poema aparece dicho textualmente en italiano en la pel\u00edcula Nostalgia, por la voz en off del protagonista. El poema deja entrever aquellos \u00faltimos momentos en que el ser humano rememora y las sensaciones visuales, sonoras y hasta olfativas que ese acto provoca. Un fondo sonoro continuo\u2013semejante a un murmullo con notas inciertas\u2013que aparece y desaparece durante toda la pieza se instala como met\u00e1fora de aquella visi\u00f3n nublada de quien agoniza. Junto a este persistente sonido, se movilizan distintas sonoridades con trazos mel\u00f3dicos que emergen y desaparecen r\u00e1pidamente, as\u00ed como cualidades arm\u00f3nicas (uso de cuartos de tono e intervalos muy estrechos, entre otros) que refuerzan una iridiscencia recurrente.<\/p>\n<p>Domingo 5 de junio 19:30 hs. en Goethe Zentrum Asunci\u00f3n, Paraguay<\/p>\n","protected":false},"excerpt":{"rendered":"<p>La obra premiada que ser\u00e1 estrenada por el Ensamble Pu Joa lleva por nombre \u201cSi oscura la vista\u201d, para tres violines, viola y violoncello. En dicho marco los int\u00e9rpretes ser\u00e1n Pierluigi Tesei, Mar\u00eda Eugenia Ben\u00edtez y H\u00e9ctor Delgado (violines), Lise N\u00fa\u00f1ez (viola) y Florencia Ocampo (violoncello). La obra ser\u00e1 interpretada por el Ensamble Pu Joa, [&hellip;]<\/p>\n","protected":false},"author":1,"featured_media":12122,"comment_status":"closed","ping_status":"closed","sticky":false,"template":"","format":"standard","meta":{"_monsterinsights_skip_tracking":false,"_monsterinsights_sitenote_active":false,"_monsterinsights_sitenote_note":"","_monsterinsights_sitenote_category":0,"footnotes":""},"categories":[53],"tags":[],"class_list":["post-12121","post","type-post","status-publish","format-standard","has-post-thumbnail","hentry","category-noticias-generales"],"lang":"es","translations":{"es":12121,"pt":12124},"pll_sync_post":[],"post_mailing_queue_ids":[],"_links":{"self":[{"href":"https:\/\/www.ibermusicas.org\/index.php\/wp-json\/wp\/v2\/posts\/12121","targetHints":{"allow":["GET"]}}],"collection":[{"href":"https:\/\/www.ibermusicas.org\/index.php\/wp-json\/wp\/v2\/posts"}],"about":[{"href":"https:\/\/www.ibermusicas.org\/index.php\/wp-json\/wp\/v2\/types\/post"}],"author":[{"embeddable":true,"href":"https:\/\/www.ibermusicas.org\/index.php\/wp-json\/wp\/v2\/users\/1"}],"replies":[{"embeddable":true,"href":"https:\/\/www.ibermusicas.org\/index.php\/wp-json\/wp\/v2\/comments?post=12121"}],"version-history":[{"count":0,"href":"https:\/\/www.ibermusicas.org\/index.php\/wp-json\/wp\/v2\/posts\/12121\/revisions"}],"wp:featuredmedia":[{"embeddable":true,"href":"https:\/\/www.ibermusicas.org\/index.php\/wp-json\/wp\/v2\/media\/12122"}],"wp:attachment":[{"href":"https:\/\/www.ibermusicas.org\/index.php\/wp-json\/wp\/v2\/media?parent=12121"}],"wp:term":[{"taxonomy":"category","embeddable":true,"href":"https:\/\/www.ibermusicas.org\/index.php\/wp-json\/wp\/v2\/categories?post=12121"},{"taxonomy":"post_tag","embeddable":true,"href":"https:\/\/www.ibermusicas.org\/index.php\/wp-json\/wp\/v2\/tags?post=12121"}],"curies":[{"name":"wp","href":"https:\/\/api.w.org\/{rel}","templated":true}]}}