{"id":12194,"date":"2022-06-06T20:41:31","date_gmt":"2022-06-06T20:41:31","guid":{"rendered":"https:\/\/www.ibermusicas.org\/?p=12194"},"modified":"2022-06-30T18:47:51","modified_gmt":"2022-06-30T18:47:51","slug":"desde-peru-el-proyecto-rima-que-rima-inicia-sus-actividades-con-un-encuentro-virtual-sobre-tecnicas-tradicionales-para-la-creacion-poetica","status":"publish","type":"post","link":"https:\/\/www.ibermusicas.org\/index.php\/desde-peru-el-proyecto-rima-que-rima-inicia-sus-actividades-con-un-encuentro-virtual-sobre-tecnicas-tradicionales-para-la-creacion-poetica\/","title":{"rendered":"Desde Per\u00fa, el proyecto Rima que Rima inicia sus actividades con un encuentro virtual sobre t\u00e9cnicas tradicionales para la creaci\u00f3n po\u00e9tica"},"content":{"rendered":"<p>El proyecto Rima que Rima presentar\u00e1 un conversatorio junto a la maestra mexicana Ana Zarina Palafox M\u00e9ndez, improvisadora multiestr\u00f3fica en m\u00e1s de 20 estilos musicales y verso estructurado de Iberoam\u00e9rica y creadora del m\u00e9todo \u201cJugando con la rima\u201d.<\/p>\n<p>&nbsp;<\/p>\n<p>La actividad se realizar\u00e1 de manera virtual y abordar\u00e1 principalmente el proceso po\u00e9tico y musical que se lleva a cabo mediante el m\u00e9todo Jugando con la Rima y c\u00f3mo se puede aplicar a otras realidades y tradiciones como la peruana en procesos de formaci\u00f3n de nuevas generaciones en m\u00fasicas y versos.<\/p>\n<p>&nbsp;<\/p>\n<p>Rima que Rima es una organizaci\u00f3n art\u00edstico-cultural, dirigida desde el 2019 por Mar\u00eda Hayde\u00e9 y Omar Camino que cuenta con la colaboraci\u00f3n de m\u00fasicos tradicionales, investigadores y compositores peruanos de distintas edades.<\/p>\n<p>&nbsp;<\/p>\n<p>La labor de Rima que Rima se desarrolla transversalmente en los siguientes sectores culturales: Las artes esc\u00e9nicas y espect\u00e1culos art\u00edsticos, la m\u00fasica tradicional, la poes\u00eda tradicional y el patrimonio inmaterial oral (tradiciones y expresiones del Per\u00fa y de Iberoam\u00e9rica). El objetivo principal del proyecto Rima que Rima se enfoca en generar espacios para la investigaci\u00f3n, la pr\u00e1ctica, el desarrollo, la ense\u00f1anza y difusi\u00f3n de las expresiones po\u00e9ticas y musicales para promover su pluriculturalidad y el desarrollo de las expresiones art\u00edsticas y culturales del Per\u00fa y de Iberoam\u00e9rica.<\/p>\n<p>&nbsp;<\/p>\n<p>Rima que Rima busca nuevas generaciones de m\u00fasicos-poetas de Per\u00fa y de Iberoam\u00e9rica fomentando en la comunidad el cultivo del verso tradicional escrito y oral en sus diferentes formas, g\u00e9neros y estilos y de esta manera formar creadores e improvisadores de verso tradicional, en torno a las expresiones po\u00e9tico- musicales que reflexionen sobre su entorno y realidad y empleen correctamente la poes\u00eda escrita y oral junto a las m\u00fasicas como un medio de expresi\u00f3n.<\/p>\n<p>&nbsp;<\/p>\n<p>&nbsp;<\/p>\n<p>Lunes 13 de junio 19:00 hs.<\/p>\n<p>https:\/\/www.youtube.com\/channel\/UC8cC2hepcEjyuoiK48gVsnw<\/p>\n","protected":false},"excerpt":{"rendered":"<p>El proyecto Rima que Rima presentar\u00e1 un conversatorio junto a la maestra mexicana Ana Zarina Palafox M\u00e9ndez, improvisadora multiestr\u00f3fica en m\u00e1s de 20 estilos musicales y verso estructurado de Iberoam\u00e9rica y creadora del m\u00e9todo \u201cJugando con la rima\u201d. &nbsp; La actividad se realizar\u00e1 de manera virtual y abordar\u00e1 principalmente el proceso po\u00e9tico y musical que [&hellip;]<\/p>\n","protected":false},"author":1,"featured_media":12195,"comment_status":"closed","ping_status":"closed","sticky":false,"template":"","format":"standard","meta":{"_monsterinsights_skip_tracking":false,"_monsterinsights_sitenote_active":false,"_monsterinsights_sitenote_note":"","_monsterinsights_sitenote_category":0,"footnotes":""},"categories":[53],"tags":[],"class_list":["post-12194","post","type-post","status-publish","format-standard","has-post-thumbnail","hentry","category-noticias-generales"],"lang":"es","translations":{"es":12194,"pt":12198},"pll_sync_post":[],"post_mailing_queue_ids":[],"_links":{"self":[{"href":"https:\/\/www.ibermusicas.org\/index.php\/wp-json\/wp\/v2\/posts\/12194","targetHints":{"allow":["GET"]}}],"collection":[{"href":"https:\/\/www.ibermusicas.org\/index.php\/wp-json\/wp\/v2\/posts"}],"about":[{"href":"https:\/\/www.ibermusicas.org\/index.php\/wp-json\/wp\/v2\/types\/post"}],"author":[{"embeddable":true,"href":"https:\/\/www.ibermusicas.org\/index.php\/wp-json\/wp\/v2\/users\/1"}],"replies":[{"embeddable":true,"href":"https:\/\/www.ibermusicas.org\/index.php\/wp-json\/wp\/v2\/comments?post=12194"}],"version-history":[{"count":0,"href":"https:\/\/www.ibermusicas.org\/index.php\/wp-json\/wp\/v2\/posts\/12194\/revisions"}],"wp:featuredmedia":[{"embeddable":true,"href":"https:\/\/www.ibermusicas.org\/index.php\/wp-json\/wp\/v2\/media\/12195"}],"wp:attachment":[{"href":"https:\/\/www.ibermusicas.org\/index.php\/wp-json\/wp\/v2\/media?parent=12194"}],"wp:term":[{"taxonomy":"category","embeddable":true,"href":"https:\/\/www.ibermusicas.org\/index.php\/wp-json\/wp\/v2\/categories?post=12194"},{"taxonomy":"post_tag","embeddable":true,"href":"https:\/\/www.ibermusicas.org\/index.php\/wp-json\/wp\/v2\/tags?post=12194"}],"curies":[{"name":"wp","href":"https:\/\/api.w.org\/{rel}","templated":true}]}}