{"id":12198,"date":"2022-06-06T20:43:18","date_gmt":"2022-06-06T20:43:18","guid":{"rendered":"https:\/\/www.ibermusicas.org\/?p=12198"},"modified":"2022-06-30T18:51:32","modified_gmt":"2022-06-30T18:51:32","slug":"do-peru-o-projeto-rima-que-rima-inicia-suas-atividades-com-um-encontro-virtual-sobre-tecnicas-tradicionais-para-a-criacao-poetica","status":"publish","type":"post","link":"https:\/\/www.ibermusicas.org\/index.php\/do-peru-o-projeto-rima-que-rima-inicia-suas-atividades-com-um-encontro-virtual-sobre-tecnicas-tradicionais-para-a-criacao-poetica\/","title":{"rendered":"Do Peru, o projeto Rima que Rima inicia suas atividades com um encontro virtual sobre t\u00e9cnicas tradicionais para a cria\u00e7\u00e3o po\u00e9tica"},"content":{"rendered":"<p>O projeto Rima que Rima apresentar\u00e1 um conversat\u00f3rio junto \u00e0 professora mexicana Ana Zarina Palafox M\u00e9ndez, improvisadora multiestr\u00f3fica em mais de 20 estilos musicais e verso estruturado de Iberoam\u00e9rica e criadora do m\u00e9todo \u00abBrincando com a rima\u00bb.<\/p>\n<p>&nbsp;<\/p>\n<p>A atividade ser\u00e1 realizada de maneira virtual e abordar\u00e1 principalmente o processo po\u00e9tico e musical que se realiza mediante o m\u00e9todo Brincando com a Rima e como se pode aplicar a outras realidades e tradi\u00e7\u00f5es como a peruana em processos de forma\u00e7\u00e3o de novas gera\u00e7\u00f5es em m\u00fasicas e versos.<\/p>\n<p>&nbsp;<\/p>\n<p>Rima que Rima \u00e9 uma organiza\u00e7\u00e3o art\u00edstico-cultural, dirigida desde 2019 por Mar\u00eda Hayde\u00e9 e Omar Camino, que conta com a colabora\u00e7\u00e3o de m\u00fasicos tradicionais, pesquisadores e compositores peruanos de diferentes idades.<\/p>\n<p>&nbsp;<\/p>\n<p>&nbsp;<\/p>\n<p>O trabalho de Rima que Rima se desenvolve transversalmente nos seguintes setores culturais: As artes c\u00eanicas e espet\u00e1culos art\u00edsticos, a m\u00fasica tradicional, a poesia tradicional e o patrim\u00f4nio imaterial oral (tradi\u00e7\u00f5es e express\u00f5es do Peru e da Am\u00e9rica Latina). O objetivo principal do projeto Rima que Rima se concentra em gerar espa\u00e7os para a pesquisa, a pr\u00e1tica, o desenvolvimento, o ensino e a difus\u00e3o das express\u00f5es po\u00e9ticas e musicais para promover a sua pluriculturalidade e o desenvolvimento das express\u00f5es art\u00edsticas e culturais do Peru e da Am\u00e9rica Latina.<\/p>\n<p>&nbsp;<\/p>\n<p>Rima que Rima busca novas gera\u00e7\u00f5es de m\u00fasicos-poetas do Peru e de Iberoam\u00e9rica fomentando na comunidade o cultivo do verso tradicional escrito e oral em suas diferentes formas, g\u00eaneros e estilos e desta maneira formar criadores e improvisadores de verso tradicional, em torno das express\u00f5es po\u00e9tico-musicais que reflictam sobre seu entorno e realidade e empreguem corretamente a poesia escrita e oral junto \u00e0s m\u00fasicas como um meio de express\u00e3o.<\/p>\n<p>&nbsp;<\/p>\n<p>&nbsp;<\/p>\n<p>Lunes 13 de Junio 19:00 hs.<\/p>\n<p>https:\/\/www.youtube.com\/channel\/UC8cC2hepcEjyuoiK48gVsnw<\/p>\n","protected":false},"excerpt":{"rendered":"<p>O projeto Rima que Rima apresentar\u00e1 um conversat\u00f3rio junto \u00e0 professora mexicana Ana Zarina Palafox M\u00e9ndez, improvisadora multiestr\u00f3fica em mais de 20 estilos musicais e verso estruturado de Iberoam\u00e9rica e criadora do m\u00e9todo \u00abBrincando com a rima\u00bb. &nbsp; A atividade ser\u00e1 realizada de maneira virtual e abordar\u00e1 principalmente o processo po\u00e9tico e musical que se [&hellip;]<\/p>\n","protected":false},"author":1,"featured_media":12195,"comment_status":"closed","ping_status":"closed","sticky":false,"template":"","format":"standard","meta":{"_monsterinsights_skip_tracking":false,"_monsterinsights_sitenote_active":false,"_monsterinsights_sitenote_note":"","_monsterinsights_sitenote_category":0,"footnotes":""},"categories":[218],"tags":[],"class_list":["post-12198","post","type-post","status-publish","format-standard","has-post-thumbnail","hentry","category-noticias-generales-pt"],"lang":"pt","translations":{"pt":12198,"es":12194},"pll_sync_post":[],"post_mailing_queue_ids":[],"_links":{"self":[{"href":"https:\/\/www.ibermusicas.org\/index.php\/wp-json\/wp\/v2\/posts\/12198","targetHints":{"allow":["GET"]}}],"collection":[{"href":"https:\/\/www.ibermusicas.org\/index.php\/wp-json\/wp\/v2\/posts"}],"about":[{"href":"https:\/\/www.ibermusicas.org\/index.php\/wp-json\/wp\/v2\/types\/post"}],"author":[{"embeddable":true,"href":"https:\/\/www.ibermusicas.org\/index.php\/wp-json\/wp\/v2\/users\/1"}],"replies":[{"embeddable":true,"href":"https:\/\/www.ibermusicas.org\/index.php\/wp-json\/wp\/v2\/comments?post=12198"}],"version-history":[{"count":0,"href":"https:\/\/www.ibermusicas.org\/index.php\/wp-json\/wp\/v2\/posts\/12198\/revisions"}],"wp:featuredmedia":[{"embeddable":true,"href":"https:\/\/www.ibermusicas.org\/index.php\/wp-json\/wp\/v2\/media\/12195"}],"wp:attachment":[{"href":"https:\/\/www.ibermusicas.org\/index.php\/wp-json\/wp\/v2\/media?parent=12198"}],"wp:term":[{"taxonomy":"category","embeddable":true,"href":"https:\/\/www.ibermusicas.org\/index.php\/wp-json\/wp\/v2\/categories?post=12198"},{"taxonomy":"post_tag","embeddable":true,"href":"https:\/\/www.ibermusicas.org\/index.php\/wp-json\/wp\/v2\/tags?post=12198"}],"curies":[{"name":"wp","href":"https:\/\/api.w.org\/{rel}","templated":true}]}}