{"id":12218,"date":"2022-06-07T17:37:39","date_gmt":"2022-06-07T17:37:39","guid":{"rendered":"https:\/\/www.ibermusicas.org\/?p=12218"},"modified":"2022-06-07T17:37:39","modified_gmt":"2022-06-07T17:37:39","slug":"o-musico-brasileiro-alexandre-garnize-apresenta-em-peru-suas-oficinas-baque-virado-tracos-que-nos-irmanam","status":"publish","type":"post","link":"https:\/\/www.ibermusicas.org\/index.php\/o-musico-brasileiro-alexandre-garnize-apresenta-em-peru-suas-oficinas-baque-virado-tracos-que-nos-irmanam\/","title":{"rendered":"O m\u00fasico brasileiro Alexandre Garniz\u00e9 apresenta em Peru suas oficinas \u201cBaque Virado, tra\u00e7os que nos Irmanam\u201d"},"content":{"rendered":"<p>A oficina \u201cBaque Virado, tra\u00e7os que nos Irmanam\u201d trabalhar\u00e1 sobre a hist\u00f3ria da m\u00fasica afro-brasileira incluindo pr\u00e1ticas instrumentais em grupo e pr\u00e1ticas de criatividade e sociabilidade.<\/p>\n<p>&nbsp;<\/p>\n<p>A oficina abordar\u00e1 a percep\u00e7\u00e3o musical com o ensino de ritmos do Maracatu de Baque Virado e do Candombl\u00e9 e suas aproxima\u00e7\u00f5es com ritmos afro-peruanos como festejo, cumbia e chicha. Para isso, o m\u00fasico e historiador Alexandre Garniz\u00e9 trabalhar\u00e1 as rela\u00e7\u00f5es entre m\u00fasica afro-brasileira e cultura afro-peruana enquanto instrumento de transforma\u00e7\u00e3o e de valoriza\u00e7\u00e3o da autoestima da comunidade afro-peruana. O aperfei\u00e7oamento e forma\u00e7\u00e3o de agentes multiplicadores de cidadania ser\u00e3o os resultados propostos na m\u00fasica percussiva como vi\u00e9s para a valoriza\u00e7\u00e3o do indiv\u00edduo e como s\u00edmbolo de afirma\u00e7\u00e3o da identidade negra na Am\u00e9rica Latina, despertando o respeito \u00e0 diversidade \u00e9tnico-musical-religiosa.<\/p>\n<p>Do 3 a 13 de junho<\/p>\n","protected":false},"excerpt":{"rendered":"<p>A oficina \u201cBaque Virado, tra\u00e7os que nos Irmanam\u201d trabalhar\u00e1 sobre a hist\u00f3ria da m\u00fasica afro-brasileira incluindo pr\u00e1ticas instrumentais em grupo e pr\u00e1ticas de criatividade e sociabilidade. &nbsp; A oficina abordar\u00e1 a percep\u00e7\u00e3o musical com o ensino de ritmos do Maracatu de Baque Virado e do Candombl\u00e9 e suas aproxima\u00e7\u00f5es com ritmos afro-peruanos como festejo, cumbia [&hellip;]<\/p>\n","protected":false},"author":1,"featured_media":12216,"comment_status":"closed","ping_status":"closed","sticky":false,"template":"","format":"standard","meta":{"_monsterinsights_skip_tracking":false,"_monsterinsights_sitenote_active":false,"_monsterinsights_sitenote_note":"","_monsterinsights_sitenote_category":0,"footnotes":""},"categories":[218],"tags":[],"class_list":["post-12218","post","type-post","status-publish","format-standard","has-post-thumbnail","hentry","category-noticias-generales-pt"],"lang":"pt","translations":{"pt":12218,"es":12215},"pll_sync_post":[],"post_mailing_queue_ids":[],"_links":{"self":[{"href":"https:\/\/www.ibermusicas.org\/index.php\/wp-json\/wp\/v2\/posts\/12218","targetHints":{"allow":["GET"]}}],"collection":[{"href":"https:\/\/www.ibermusicas.org\/index.php\/wp-json\/wp\/v2\/posts"}],"about":[{"href":"https:\/\/www.ibermusicas.org\/index.php\/wp-json\/wp\/v2\/types\/post"}],"author":[{"embeddable":true,"href":"https:\/\/www.ibermusicas.org\/index.php\/wp-json\/wp\/v2\/users\/1"}],"replies":[{"embeddable":true,"href":"https:\/\/www.ibermusicas.org\/index.php\/wp-json\/wp\/v2\/comments?post=12218"}],"version-history":[{"count":0,"href":"https:\/\/www.ibermusicas.org\/index.php\/wp-json\/wp\/v2\/posts\/12218\/revisions"}],"wp:featuredmedia":[{"embeddable":true,"href":"https:\/\/www.ibermusicas.org\/index.php\/wp-json\/wp\/v2\/media\/12216"}],"wp:attachment":[{"href":"https:\/\/www.ibermusicas.org\/index.php\/wp-json\/wp\/v2\/media?parent=12218"}],"wp:term":[{"taxonomy":"category","embeddable":true,"href":"https:\/\/www.ibermusicas.org\/index.php\/wp-json\/wp\/v2\/categories?post=12218"},{"taxonomy":"post_tag","embeddable":true,"href":"https:\/\/www.ibermusicas.org\/index.php\/wp-json\/wp\/v2\/tags?post=12218"}],"curies":[{"name":"wp","href":"https:\/\/api.w.org\/{rel}","templated":true}]}}