{"id":12263,"date":"2022-06-14T18:58:43","date_gmt":"2022-06-14T18:58:43","guid":{"rendered":"https:\/\/www.ibermusicas.org\/?p=12263"},"modified":"2022-06-30T18:46:40","modified_gmt":"2022-06-30T18:46:40","slug":"el-pedro-martinez-trio-de-paraguay-realiza-su-gira-reencuentro-2022-por-diferentes-escenarios-de-brasil","status":"publish","type":"post","link":"https:\/\/www.ibermusicas.org\/index.php\/el-pedro-martinez-trio-de-paraguay-realiza-su-gira-reencuentro-2022-por-diferentes-escenarios-de-brasil\/","title":{"rendered":"El Pedro Mart\u00ednez tr\u00edo de Paraguay realiza su Gira Reencuentro 2022 por diferentes escenarios de Brasil"},"content":{"rendered":"<p>La propuesta de esta gira es un reencuentro con el p\u00fablico paraguayo y brasilero, acercando un repertorio autoral que incluir\u00e1 nuevas m\u00fasicas que formar\u00e1n parte del nuevo material que ser\u00e1 presentado a fin de este a\u00f1o. El Tr\u00edo de Pedro Mart\u00ednez se completa con Gonzalo Resquin en bater\u00eda y Chino Corval\u00e1n en el bajo.<\/p>\n<p>&nbsp;<\/p>\n<p>Viernes 24 de junio en El Granel, Juan de Salazar 372, Asunci\u00f3n, Paraguay. Grupo invitado: D\u00fao El Nido.<\/p>\n<p>Jueves 30 de junio en SESC Campinas, Brasil<\/p>\n<p>Viernes 1ero de julio en Jazz B (Rua Gen. Jardim, 43), S\u00e3o Paulo, Brasil<\/p>\n","protected":false},"excerpt":{"rendered":"<p>La propuesta de esta gira es un reencuentro con el p\u00fablico paraguayo y brasilero, acercando un repertorio autoral que incluir\u00e1 nuevas m\u00fasicas que formar\u00e1n parte del nuevo material que ser\u00e1 presentado a fin de este a\u00f1o. El Tr\u00edo de Pedro Mart\u00ednez se completa con Gonzalo Resquin en bater\u00eda y Chino Corval\u00e1n en el bajo. &nbsp; [&hellip;]<\/p>\n","protected":false},"author":1,"featured_media":12264,"comment_status":"closed","ping_status":"closed","sticky":false,"template":"","format":"standard","meta":{"_monsterinsights_skip_tracking":false,"_monsterinsights_sitenote_active":false,"_monsterinsights_sitenote_note":"","_monsterinsights_sitenote_category":0,"footnotes":""},"categories":[53],"tags":[],"class_list":["post-12263","post","type-post","status-publish","format-standard","has-post-thumbnail","hentry","category-noticias-generales"],"lang":"es","translations":{"es":12263,"pt":12266},"pll_sync_post":[],"post_mailing_queue_ids":[],"_links":{"self":[{"href":"https:\/\/www.ibermusicas.org\/index.php\/wp-json\/wp\/v2\/posts\/12263","targetHints":{"allow":["GET"]}}],"collection":[{"href":"https:\/\/www.ibermusicas.org\/index.php\/wp-json\/wp\/v2\/posts"}],"about":[{"href":"https:\/\/www.ibermusicas.org\/index.php\/wp-json\/wp\/v2\/types\/post"}],"author":[{"embeddable":true,"href":"https:\/\/www.ibermusicas.org\/index.php\/wp-json\/wp\/v2\/users\/1"}],"replies":[{"embeddable":true,"href":"https:\/\/www.ibermusicas.org\/index.php\/wp-json\/wp\/v2\/comments?post=12263"}],"version-history":[{"count":0,"href":"https:\/\/www.ibermusicas.org\/index.php\/wp-json\/wp\/v2\/posts\/12263\/revisions"}],"wp:featuredmedia":[{"embeddable":true,"href":"https:\/\/www.ibermusicas.org\/index.php\/wp-json\/wp\/v2\/media\/12264"}],"wp:attachment":[{"href":"https:\/\/www.ibermusicas.org\/index.php\/wp-json\/wp\/v2\/media?parent=12263"}],"wp:term":[{"taxonomy":"category","embeddable":true,"href":"https:\/\/www.ibermusicas.org\/index.php\/wp-json\/wp\/v2\/categories?post=12263"},{"taxonomy":"post_tag","embeddable":true,"href":"https:\/\/www.ibermusicas.org\/index.php\/wp-json\/wp\/v2\/tags?post=12263"}],"curies":[{"name":"wp","href":"https:\/\/api.w.org\/{rel}","templated":true}]}}