{"id":12266,"date":"2022-06-14T19:00:12","date_gmt":"2022-06-14T19:00:12","guid":{"rendered":"https:\/\/www.ibermusicas.org\/?p=12266"},"modified":"2022-06-30T18:50:49","modified_gmt":"2022-06-30T18:50:49","slug":"o-pedro-martinez-trio-do-paraguai-realiza-sua-turne-reencontro-2022-por-diferentes-cenarios-do-brasil","status":"publish","type":"post","link":"https:\/\/www.ibermusicas.org\/index.php\/o-pedro-martinez-trio-do-paraguai-realiza-sua-turne-reencontro-2022-por-diferentes-cenarios-do-brasil\/","title":{"rendered":"O Pedro Mart\u00ednez trio do Paraguai realiza sua Turn\u00ea Reencontro 2022 por diferentes cen\u00e1rios do Brasil"},"content":{"rendered":"<p>A proposta desta turn\u00ea \u00e9 um reencontro com o p\u00fablico paraguaio e brasileiro, aproximando um repert\u00f3rio autoral que incluir\u00e1 novas m\u00fasicas que far\u00e3o parte do novo material que ser\u00e1 apresentado no final deste ano. O Trio de Pedro Mart\u00ednez se completa com Gonzalo Resquin em bateria e Chino Corval\u00e1n no baixo.<\/p>\n<p>Sexta-feira 24 de junho em El Granel, Juan de Salazar 372, Assun\u00e7\u00e3o, Paraguai. Grupo convidado: Duo El Nido.<\/p>\n<p>Quinta-feira, 30 de junho, no SESC Campinas, Brasil<\/p>\n<p>Sexta-feira, 1\u00ba de julho, em Jazz B (Rua Gen. Jardim, 43), S\u00e3o Paulo, Brasil<\/p>\n","protected":false},"excerpt":{"rendered":"<p>A proposta desta turn\u00ea \u00e9 um reencontro com o p\u00fablico paraguaio e brasileiro, aproximando um repert\u00f3rio autoral que incluir\u00e1 novas m\u00fasicas que far\u00e3o parte do novo material que ser\u00e1 apresentado no final deste ano. O Trio de Pedro Mart\u00ednez se completa com Gonzalo Resquin em bateria e Chino Corval\u00e1n no baixo. Sexta-feira 24 de junho [&hellip;]<\/p>\n","protected":false},"author":1,"featured_media":12264,"comment_status":"closed","ping_status":"closed","sticky":false,"template":"","format":"standard","meta":{"_monsterinsights_skip_tracking":false,"_monsterinsights_sitenote_active":false,"_monsterinsights_sitenote_note":"","_monsterinsights_sitenote_category":0,"footnotes":""},"categories":[218],"tags":[],"class_list":["post-12266","post","type-post","status-publish","format-standard","has-post-thumbnail","hentry","category-noticias-generales-pt"],"lang":"pt","translations":{"pt":12266,"es":12263},"pll_sync_post":[],"post_mailing_queue_ids":[],"_links":{"self":[{"href":"https:\/\/www.ibermusicas.org\/index.php\/wp-json\/wp\/v2\/posts\/12266","targetHints":{"allow":["GET"]}}],"collection":[{"href":"https:\/\/www.ibermusicas.org\/index.php\/wp-json\/wp\/v2\/posts"}],"about":[{"href":"https:\/\/www.ibermusicas.org\/index.php\/wp-json\/wp\/v2\/types\/post"}],"author":[{"embeddable":true,"href":"https:\/\/www.ibermusicas.org\/index.php\/wp-json\/wp\/v2\/users\/1"}],"replies":[{"embeddable":true,"href":"https:\/\/www.ibermusicas.org\/index.php\/wp-json\/wp\/v2\/comments?post=12266"}],"version-history":[{"count":0,"href":"https:\/\/www.ibermusicas.org\/index.php\/wp-json\/wp\/v2\/posts\/12266\/revisions"}],"wp:featuredmedia":[{"embeddable":true,"href":"https:\/\/www.ibermusicas.org\/index.php\/wp-json\/wp\/v2\/media\/12264"}],"wp:attachment":[{"href":"https:\/\/www.ibermusicas.org\/index.php\/wp-json\/wp\/v2\/media?parent=12266"}],"wp:term":[{"taxonomy":"category","embeddable":true,"href":"https:\/\/www.ibermusicas.org\/index.php\/wp-json\/wp\/v2\/categories?post=12266"},{"taxonomy":"post_tag","embeddable":true,"href":"https:\/\/www.ibermusicas.org\/index.php\/wp-json\/wp\/v2\/tags?post=12266"}],"curies":[{"name":"wp","href":"https:\/\/api.w.org\/{rel}","templated":true}]}}