{"id":12268,"date":"2022-06-14T19:11:12","date_gmt":"2022-06-14T19:11:12","guid":{"rendered":"https:\/\/www.ibermusicas.org\/?p=12268"},"modified":"2022-06-30T18:46:33","modified_gmt":"2022-06-30T18:46:33","slug":"desde-uruguay-analia-chernavsky-presenta-nuevos-capitulos-de-arriba-la-mezcla-recitales-didacticos-sobre-la-cantautoria-en-el-uruguay","status":"publish","type":"post","link":"https:\/\/www.ibermusicas.org\/index.php\/desde-uruguay-analia-chernavsky-presenta-nuevos-capitulos-de-arriba-la-mezcla-recitales-didacticos-sobre-la-cantautoria-en-el-uruguay\/","title":{"rendered":"Desde Uruguay Anal\u00eda Cher\u00f1avsky presenta nuevos cap\u00edtulos de\u00a0 \u201c\u00a1Arriba la mezcla!\u201d, recitales did\u00e1cticos sobre la cantautor\u00eda en el Uruguay"},"content":{"rendered":"<p>Este proyecto se desarrolla en torno a un repertorio singular, que parte de la producci\u00f3n de los cantautores uruguayos de las d\u00e9cadas de 1970 a 1990, pero que es reinventado y reinterpretado a partir de mezclas con diferentes g\u00e9neros y estilos de la m\u00fasica popular latinoamericana, que van del tango argentino al forr\u00f3 brasile\u00f1o, de la polca paraguaya al joropo venezolano.<\/p>\n<p>&nbsp;<\/p>\n<p>El proyecto se presenta en forma de recitales did\u00e1cticos. El objetivo principal de la propuesta es ofrecer una aproximaci\u00f3n, tanto de apreciaci\u00f3n de la belleza y profundidad est\u00e9tica, como de la comprensi\u00f3n socio- hist\u00f3rica y contextual, al interesant\u00edsimo repertorio cantautoral del Uruguay.<\/p>\n<p>&nbsp;<\/p>\n<p>Anal\u00eda Cher\u00f1avsky es cantante de m\u00fasica popular. Nacida en Buenos Aires, Argentina, concentra su formaci\u00f3n, vida profesional y carrera art\u00edstica en Brasil. Inici\u00f3 sus estudios de m\u00fasica en el piano. En Unicamp, Universidade Estadual de Campinas, se gradu\u00f3 en Historia (1999) y en M\u00fasica Popular, con \u00e9nfasis en canto (2003). En la misma universidad defendi\u00f3 su maestr\u00eda en Historia Social (2003) y su doctorado en M\u00fasica (2009), ambas tesis con estudios sobre la trayectoria y obra del compositor Heitor Villa-Lobos. Realiz\u00f3 parte de su doctorado en Granada, Espa\u00f1a, en estancia en el archivo del compositor Manuel de Falla. En el 2008, volvi\u00f3 a Espa\u00f1a para realizar estudios de M\u00e1ster en Musicolog\u00eda para la Protecci\u00f3n y Difusi\u00f3n del Patrimonio Art\u00edstico Iberoamericano, en el Real Conservatorio de M\u00fasica de Madrid y en la Real Academia de San Fernando, y el mismo a\u00f1o fue contratada como investigadora invitada en el Proyecto Musicat, vinculado al Instituto de Investigaciones Est\u00e9ticas de la Universidad Nacional Aut\u00f3noma de M\u00e9xico. Viviendo en M\u00e9xico-DF se hizo corresponsable de la catalogaci\u00f3n del archivo de m\u00fasica de la Catedral de M\u00e9xico, responsable por el cat\u00e1logo on-line y coeditora del cat\u00e1logo impreso del mismo archivo. Desde el 2012 es docente de canto e historia de la m\u00fasica en UNILA, Universidad Federal de la Integraci\u00f3n Latinoamericana, en Foz de Iguaz\u00fa, y en el 2021 realiz\u00f3 su investigaci\u00f3n de postdoctorado en la Facultad de Humanidades y Ciencias de la Educaci\u00f3n de la UDELAR, Universidad de la Rep\u00fablica del Uruguay, estudiando el tema de la cantautor\u00eda en ese pa\u00eds. Actualmente prepara su primer disco, \u201cMovimiento\u201d, con un singular repertorio de canciones de importantes cantautores de Uruguay.<\/p>\n<p>&nbsp;<\/p>\n<p>Junto a Anal\u00eda Cher\u00f1avsky, voz principal, participan Orlando Mart\u00ednez (Paraguay), guitarras y voz, Mar\u00eda Betania Hern\u00e1ndez (Venezuela), viol\u00edn, cuatro y maracas, \u00c9lvir Barreto (Paraguay), acorde\u00f3n, y Lucas Casacio (Brasil), percusi\u00f3n. Los arreglos son de Orlando Mart\u00ednez.<\/p>\n<p>&nbsp;<\/p>\n<p>23 y 30 de junio 20:00 hs. (hora de Brasil) desde el canal de la UNILA, Universidad Federal de la Integraci\u00f3n Latinoamericana, en Foz de Iguazu, Brasil.<\/p>\n<p>&nbsp;<\/p>\n<p><a href=\"https:\/\/www.youtube.com\/unila\">https:\/\/www.youtube.com\/unila<\/a><\/p>\n","protected":false},"excerpt":{"rendered":"<p>Este proyecto se desarrolla en torno a un repertorio singular, que parte de la producci\u00f3n de los cantautores uruguayos de las d\u00e9cadas de 1970 a 1990, pero que es reinventado y reinterpretado a partir de mezclas con diferentes g\u00e9neros y estilos de la m\u00fasica popular latinoamericana, que van del tango argentino al forr\u00f3 brasile\u00f1o, de [&hellip;]<\/p>\n","protected":false},"author":1,"featured_media":12269,"comment_status":"closed","ping_status":"closed","sticky":false,"template":"","format":"standard","meta":{"_monsterinsights_skip_tracking":false,"_monsterinsights_sitenote_active":false,"_monsterinsights_sitenote_note":"","_monsterinsights_sitenote_category":0,"footnotes":""},"categories":[53],"tags":[],"class_list":["post-12268","post","type-post","status-publish","format-standard","has-post-thumbnail","hentry","category-noticias-generales"],"lang":"es","translations":{"es":12268,"pt":12271},"pll_sync_post":[],"post_mailing_queue_ids":[],"_links":{"self":[{"href":"https:\/\/www.ibermusicas.org\/index.php\/wp-json\/wp\/v2\/posts\/12268","targetHints":{"allow":["GET"]}}],"collection":[{"href":"https:\/\/www.ibermusicas.org\/index.php\/wp-json\/wp\/v2\/posts"}],"about":[{"href":"https:\/\/www.ibermusicas.org\/index.php\/wp-json\/wp\/v2\/types\/post"}],"author":[{"embeddable":true,"href":"https:\/\/www.ibermusicas.org\/index.php\/wp-json\/wp\/v2\/users\/1"}],"replies":[{"embeddable":true,"href":"https:\/\/www.ibermusicas.org\/index.php\/wp-json\/wp\/v2\/comments?post=12268"}],"version-history":[{"count":0,"href":"https:\/\/www.ibermusicas.org\/index.php\/wp-json\/wp\/v2\/posts\/12268\/revisions"}],"wp:featuredmedia":[{"embeddable":true,"href":"https:\/\/www.ibermusicas.org\/index.php\/wp-json\/wp\/v2\/media\/12269"}],"wp:attachment":[{"href":"https:\/\/www.ibermusicas.org\/index.php\/wp-json\/wp\/v2\/media?parent=12268"}],"wp:term":[{"taxonomy":"category","embeddable":true,"href":"https:\/\/www.ibermusicas.org\/index.php\/wp-json\/wp\/v2\/categories?post=12268"},{"taxonomy":"post_tag","embeddable":true,"href":"https:\/\/www.ibermusicas.org\/index.php\/wp-json\/wp\/v2\/tags?post=12268"}],"curies":[{"name":"wp","href":"https:\/\/api.w.org\/{rel}","templated":true}]}}