{"id":12273,"date":"2022-06-14T19:14:16","date_gmt":"2022-06-14T19:14:16","guid":{"rendered":"https:\/\/www.ibermusicas.org\/?p=12273"},"modified":"2022-06-30T18:46:24","modified_gmt":"2022-06-30T18:46:24","slug":"llega-el-segundo-capitulo-de-dicen-que-en-la-mar-se-juntan-encuentros-de-ida-y-vuelta-del-folclor-de-mexico-y-chile","status":"publish","type":"post","link":"https:\/\/www.ibermusicas.org\/index.php\/llega-el-segundo-capitulo-de-dicen-que-en-la-mar-se-juntan-encuentros-de-ida-y-vuelta-del-folclor-de-mexico-y-chile\/","title":{"rendered":"Llega el segundo cap\u00edtulo de \u00abDicen que en la mar se juntan\u00bb, encuentros de ida y vuelta del folclor de M\u00e9xico y Chile"},"content":{"rendered":"<p>En el marco independentista latinoamericano, los pueblos de Chile y M\u00e9xico se encuentran en su folclor musical donde fluyen dos tradiciones hermanas, cada cual, con sus respectivas est\u00e9ticas, elementos sonoros y tem\u00e1ticas compartidas: la Cueca y Tonada Chilena, y paralelamente a otras expresiones como el Son de Tierra Caliente del Occidente de M\u00e9xico.<\/p>\n<p>&nbsp;<\/p>\n<p>La propuesta plantea una producci\u00f3n audiovisual de cuatro cap\u00edtulos, trazados desde la poes\u00eda del canto a lo poeta y del baile tradicional, a modo de lienzos revestidos de im\u00e1genes simb\u00f3licas y evocativas, que caracterizan los paralelismos est\u00e9ticos e identitarios de ambas tradiciones musicales.<\/p>\n<p>&nbsp;<\/p>\n<p>https:\/\/www.facebook.com\/archivosonoroleandrocorona <a href=\"http:\/\/www.archivosonoroleandrocorona.org\">www.archivosonoroleandrocorona.org<\/a><\/p>\n<p>https:\/\/www.youtube.com\/channel\/UCHLiZpeQWCcnybNvqJRxf7Q<\/p>\n<p><a href=\"https:\/\/vimeo.com\/user89344320\">https:\/\/vimeo.com\/user89344320<\/a><\/p>\n","protected":false},"excerpt":{"rendered":"<p>En el marco independentista latinoamericano, los pueblos de Chile y M\u00e9xico se encuentran en su folclor musical donde fluyen dos tradiciones hermanas, cada cual, con sus respectivas est\u00e9ticas, elementos sonoros y tem\u00e1ticas compartidas: la Cueca y Tonada Chilena, y paralelamente a otras expresiones como el Son de Tierra Caliente del Occidente de M\u00e9xico. &nbsp; La [&hellip;]<\/p>\n","protected":false},"author":1,"featured_media":12274,"comment_status":"closed","ping_status":"closed","sticky":false,"template":"","format":"standard","meta":{"_monsterinsights_skip_tracking":false,"_monsterinsights_sitenote_active":false,"_monsterinsights_sitenote_note":"","_monsterinsights_sitenote_category":0,"footnotes":""},"categories":[53],"tags":[],"class_list":["post-12273","post","type-post","status-publish","format-standard","has-post-thumbnail","hentry","category-noticias-generales"],"lang":"es","translations":{"es":12273,"pt":12276},"pll_sync_post":[],"post_mailing_queue_ids":[],"_links":{"self":[{"href":"https:\/\/www.ibermusicas.org\/index.php\/wp-json\/wp\/v2\/posts\/12273","targetHints":{"allow":["GET"]}}],"collection":[{"href":"https:\/\/www.ibermusicas.org\/index.php\/wp-json\/wp\/v2\/posts"}],"about":[{"href":"https:\/\/www.ibermusicas.org\/index.php\/wp-json\/wp\/v2\/types\/post"}],"author":[{"embeddable":true,"href":"https:\/\/www.ibermusicas.org\/index.php\/wp-json\/wp\/v2\/users\/1"}],"replies":[{"embeddable":true,"href":"https:\/\/www.ibermusicas.org\/index.php\/wp-json\/wp\/v2\/comments?post=12273"}],"version-history":[{"count":0,"href":"https:\/\/www.ibermusicas.org\/index.php\/wp-json\/wp\/v2\/posts\/12273\/revisions"}],"wp:featuredmedia":[{"embeddable":true,"href":"https:\/\/www.ibermusicas.org\/index.php\/wp-json\/wp\/v2\/media\/12274"}],"wp:attachment":[{"href":"https:\/\/www.ibermusicas.org\/index.php\/wp-json\/wp\/v2\/media?parent=12273"}],"wp:term":[{"taxonomy":"category","embeddable":true,"href":"https:\/\/www.ibermusicas.org\/index.php\/wp-json\/wp\/v2\/categories?post=12273"},{"taxonomy":"post_tag","embeddable":true,"href":"https:\/\/www.ibermusicas.org\/index.php\/wp-json\/wp\/v2\/tags?post=12273"}],"curies":[{"name":"wp","href":"https:\/\/api.w.org\/{rel}","templated":true}]}}