{"id":12283,"date":"2022-06-14T19:28:20","date_gmt":"2022-06-14T19:28:20","guid":{"rendered":"https:\/\/www.ibermusicas.org\/?p=12283"},"modified":"2022-06-14T19:28:20","modified_gmt":"2022-06-14T19:28:20","slug":"se-acerca-el-concierto-del-portugues-joao-frade-y-el-brasileno-roberto-mendes-en-portugal","status":"publish","type":"post","link":"https:\/\/www.ibermusicas.org\/index.php\/se-acerca-el-concierto-del-portugues-joao-frade-y-el-brasileno-roberto-mendes-en-portugal\/","title":{"rendered":"Se acerca el concierto del portugu\u00e9s Jo\u00e3o Frade y el brasile\u00f1o Roberto Mendes en Portugal"},"content":{"rendered":"<p>El proyecto consiste en 3 d\u00edas de residencia art\u00edstica entre los dos artistas Jo\u00e3o Frade (Portugu\u00e9s) y Roberto Mendes (Brasile\u00f1o) para crear un espect\u00e1culo in\u00e9dito. El show y la grabaci\u00f3n tendr\u00e1n lugar dentro del Festival Encuentro de Culturas y estar\u00e1 vinculado en los enlaces del proyecto Lengua Tierra.<\/p>\n<p>&nbsp;<\/p>\n<p>El proyecto L\u00edngua Terra nace con el objetivo de promover el intercambio entre artistas de seis pa\u00edses unidos por la lengua portuguesa, fomentando conexiones culturales y creaciones art\u00edsticas colaborativas. Al visibilizar la diversidad cultural que componen los distintos territorios, el proyecto busca, adem\u00e1s, contribuir con reflexiones sobre las posibilidades de crear otros mundos m\u00e1s justos e igualitarios.<\/p>\n<p>&nbsp;<\/p>\n<p>En esta edici\u00f3n el festival Lengua Tierra aborda la m\u00fasica como expresi\u00f3n de m\u00faltiples saberes, visiones del mundo, sentidos de vida y pr\u00e1cticas cotidianas que nos implusan a buscar ra\u00edces comunes, a crear a partir de la diferencia y a imaginar otros modos de ser,<\/p>\n<p>estar y habitar mundos.<\/p>\n<p>&nbsp;<\/p>\n<p>&nbsp;<\/p>\n<p>19 de junio, 19:30 hs. XIX Encuentro de Culturas en Musib\u00e9ria, Serpa, Alentejo, Portugal.<\/p>\n<p>Enlaces de transmisi\u00f3n:<\/p>\n<ul>\n<li>https:\/\/www.facebook.com\/projetolinguaterra<\/li>\n<li>https:\/\/www.instagram.com\/projetolinguaterra\/? hl=es<\/li>\n<\/ul>\n","protected":false},"excerpt":{"rendered":"<p>El proyecto consiste en 3 d\u00edas de residencia art\u00edstica entre los dos artistas Jo\u00e3o Frade (Portugu\u00e9s) y Roberto Mendes (Brasile\u00f1o) para crear un espect\u00e1culo in\u00e9dito. El show y la grabaci\u00f3n tendr\u00e1n lugar dentro del Festival Encuentro de Culturas y estar\u00e1 vinculado en los enlaces del proyecto Lengua Tierra. &nbsp; El proyecto L\u00edngua Terra nace con [&hellip;]<\/p>\n","protected":false},"author":1,"featured_media":12284,"comment_status":"closed","ping_status":"closed","sticky":false,"template":"","format":"standard","meta":{"_monsterinsights_skip_tracking":false,"_monsterinsights_sitenote_active":false,"_monsterinsights_sitenote_note":"","_monsterinsights_sitenote_category":0,"footnotes":""},"categories":[53],"tags":[],"class_list":["post-12283","post","type-post","status-publish","format-standard","has-post-thumbnail","hentry","category-noticias-generales"],"lang":"es","translations":{"es":12283,"pt":12286},"pll_sync_post":[],"post_mailing_queue_ids":[],"_links":{"self":[{"href":"https:\/\/www.ibermusicas.org\/index.php\/wp-json\/wp\/v2\/posts\/12283","targetHints":{"allow":["GET"]}}],"collection":[{"href":"https:\/\/www.ibermusicas.org\/index.php\/wp-json\/wp\/v2\/posts"}],"about":[{"href":"https:\/\/www.ibermusicas.org\/index.php\/wp-json\/wp\/v2\/types\/post"}],"author":[{"embeddable":true,"href":"https:\/\/www.ibermusicas.org\/index.php\/wp-json\/wp\/v2\/users\/1"}],"replies":[{"embeddable":true,"href":"https:\/\/www.ibermusicas.org\/index.php\/wp-json\/wp\/v2\/comments?post=12283"}],"version-history":[{"count":0,"href":"https:\/\/www.ibermusicas.org\/index.php\/wp-json\/wp\/v2\/posts\/12283\/revisions"}],"wp:featuredmedia":[{"embeddable":true,"href":"https:\/\/www.ibermusicas.org\/index.php\/wp-json\/wp\/v2\/media\/12284"}],"wp:attachment":[{"href":"https:\/\/www.ibermusicas.org\/index.php\/wp-json\/wp\/v2\/media?parent=12283"}],"wp:term":[{"taxonomy":"category","embeddable":true,"href":"https:\/\/www.ibermusicas.org\/index.php\/wp-json\/wp\/v2\/categories?post=12283"},{"taxonomy":"post_tag","embeddable":true,"href":"https:\/\/www.ibermusicas.org\/index.php\/wp-json\/wp\/v2\/tags?post=12283"}],"curies":[{"name":"wp","href":"https:\/\/api.w.org\/{rel}","templated":true}]}}