{"id":12298,"date":"2022-06-14T19:40:57","date_gmt":"2022-06-14T19:40:57","guid":{"rendered":"https:\/\/www.ibermusicas.org\/?p=12298"},"modified":"2022-06-30T18:45:56","modified_gmt":"2022-06-30T18:45:56","slug":"filarmonia-de-bagaces-de-costa-rica-estrena-el-ultimo-de-sus-videos-de-homenaje-a-los-compositores-guanacastecos","status":"publish","type":"post","link":"https:\/\/www.ibermusicas.org\/index.php\/filarmonia-de-bagaces-de-costa-rica-estrena-el-ultimo-de-sus-videos-de-homenaje-a-los-compositores-guanacastecos\/","title":{"rendered":"Filarmon\u00eda de Bagaces de Costa Rica estrena el \u00faltimo de sus videos de homenaje a los compositores guanacastecos"},"content":{"rendered":"<p>La Filarmon\u00eda de Bagaces es un proyecto impulsado por un grupo de amantes de la m\u00fasica quienes han sembrado las bases y han venido desarrollando una agrupaci\u00f3n con miras a constituirla en una Banda de Conciertos para as\u00ed deleitar a los pobladores con repertorio regional, nacional e internacional mediante conciertos y actividades de gran calidad art\u00edstica.<\/p>\n<p>&nbsp;<\/p>\n<p>Con este proyecto buscan rendir homenaje a los compositores de la provincia de Guanacaste, Costa Rica, por medio de la virtualizaci\u00f3n de sus composiciones en audio y video, con el fin salvaguardar el legado cultural constitu\u00eddo por la riqueza musical de compositores como Medardo Guido, An\u00edbal Herrera, Ulpiano Duarte y Jes\u00fas Bonilla. Las canciones contienen motivos y letras que fueron inspiradas en aquellos elementos propios del territorio: la hacienda, el sabanero, atardeceres, cotidianidad, costumbres, tradiciones, jerga, que caracterizan y son propios de la identidad cultural del guanacasteco.<\/p>\n<p>&nbsp;<\/p>\n<p>La obra que estrenan aqu\u00ed es Esp\u00edritu Guanacasteco que fue compuesta en colaboraci\u00f3n, don Medardo Guido hizo la letra de la canci\u00f3n, donde plasm\u00f3 el sentimiento de orgullo del ser guanacasteco y por su parte Guillermo Ch\u00e1vez se encarg\u00f3 de la m\u00fasica, de plasmar esa alegr\u00eda caracter\u00edstica de la obra.<\/p>\n<p>&nbsp;<\/p>\n<p>Esp\u00edritu Guanacasteco<\/p>\n<p><a href=\"https:\/\/youtu.be\/edokGuQAy3c\">https:\/\/youtu.be\/edokGuQAy3c<\/a><\/p>\n","protected":false},"excerpt":{"rendered":"<p>La Filarmon\u00eda de Bagaces es un proyecto impulsado por un grupo de amantes de la m\u00fasica quienes han sembrado las bases y han venido desarrollando una agrupaci\u00f3n con miras a constituirla en una Banda de Conciertos para as\u00ed deleitar a los pobladores con repertorio regional, nacional e internacional mediante conciertos y actividades de gran calidad [&hellip;]<\/p>\n","protected":false},"author":1,"featured_media":12299,"comment_status":"closed","ping_status":"closed","sticky":false,"template":"","format":"standard","meta":{"_monsterinsights_skip_tracking":false,"_monsterinsights_sitenote_active":false,"_monsterinsights_sitenote_note":"","_monsterinsights_sitenote_category":0,"footnotes":""},"categories":[53],"tags":[],"class_list":["post-12298","post","type-post","status-publish","format-standard","has-post-thumbnail","hentry","category-noticias-generales"],"lang":"es","translations":{"es":12298,"pt":12301},"pll_sync_post":[],"post_mailing_queue_ids":[],"_links":{"self":[{"href":"https:\/\/www.ibermusicas.org\/index.php\/wp-json\/wp\/v2\/posts\/12298","targetHints":{"allow":["GET"]}}],"collection":[{"href":"https:\/\/www.ibermusicas.org\/index.php\/wp-json\/wp\/v2\/posts"}],"about":[{"href":"https:\/\/www.ibermusicas.org\/index.php\/wp-json\/wp\/v2\/types\/post"}],"author":[{"embeddable":true,"href":"https:\/\/www.ibermusicas.org\/index.php\/wp-json\/wp\/v2\/users\/1"}],"replies":[{"embeddable":true,"href":"https:\/\/www.ibermusicas.org\/index.php\/wp-json\/wp\/v2\/comments?post=12298"}],"version-history":[{"count":0,"href":"https:\/\/www.ibermusicas.org\/index.php\/wp-json\/wp\/v2\/posts\/12298\/revisions"}],"wp:featuredmedia":[{"embeddable":true,"href":"https:\/\/www.ibermusicas.org\/index.php\/wp-json\/wp\/v2\/media\/12299"}],"wp:attachment":[{"href":"https:\/\/www.ibermusicas.org\/index.php\/wp-json\/wp\/v2\/media?parent=12298"}],"wp:term":[{"taxonomy":"category","embeddable":true,"href":"https:\/\/www.ibermusicas.org\/index.php\/wp-json\/wp\/v2\/categories?post=12298"},{"taxonomy":"post_tag","embeddable":true,"href":"https:\/\/www.ibermusicas.org\/index.php\/wp-json\/wp\/v2\/tags?post=12298"}],"curies":[{"name":"wp","href":"https:\/\/api.w.org\/{rel}","templated":true}]}}