{"id":12301,"date":"2022-06-14T19:42:42","date_gmt":"2022-06-14T19:42:42","guid":{"rendered":"https:\/\/www.ibermusicas.org\/?p=12301"},"modified":"2022-06-30T18:50:17","modified_gmt":"2022-06-30T18:50:17","slug":"filarmonia-de-bagaces-de-costa-rica-estreia-o-ultimo-de-seus-videos-de-homenagem-aos-compositores-guanacastecos","status":"publish","type":"post","link":"https:\/\/www.ibermusicas.org\/index.php\/filarmonia-de-bagaces-de-costa-rica-estreia-o-ultimo-de-seus-videos-de-homenagem-aos-compositores-guanacastecos\/","title":{"rendered":"Filarmonia de Bagaces de Costa Rica estreia o \u00faltimo de seus v\u00eddeos de homenagem aos compositores guanacastecos"},"content":{"rendered":"<p>A Filarmonia de Bagaces \u00e9 um projecto promovido por um grupo de amantes da m\u00fasica que t\u00eam semeado as bases e t\u00eam vindo a desenvolver um grupo com o objectivo de a constituir numa Banda de Concertos para assim deleitar os moradores com repert\u00f3rio regional, nacional e internacional atrav\u00e9s de concertos e de actividades de grande qualidade art\u00edstica.<\/p>\n<p>&nbsp;<\/p>\n<p>Com este projeto procuram prestar homenagem aos compositores da prov\u00edncia de Guanacaste, Costa Rica, por meio da virtualiza\u00e7\u00e3o de suas composi\u00e7\u00f5es em \u00e1udio e v\u00eddeo, a fim de salvaguardar o legado cultural constitu\u00eddo pela riqueza musical de compositores como Medardo Guido, An\u00edbal Herrera, Ulpiano Duarte e Jes\u00fas Bonilla. As can\u00e7\u00f5es cont\u00eam motivos e letras que foram inspiradas naqueles elementos pr\u00f3prios do territ\u00f3rio: a fazenda, o sabanero, entardeceres, cotidianidade, costumes, tradi\u00e7\u00f5es, jarg\u00e3o, que caracterizam e s\u00e3o pr\u00f3prios da identidade cultural do guanacasteco.<\/p>\n<p>&nbsp;<\/p>\n<p>A obra que estream aqui \u00e9 o Esp\u00edrito Guanacasteco que foi composta em colabora\u00e7\u00e3o, Medardo Guido fez a letra da can\u00e7\u00e3o, onde plasmou o sentimento de orgulho do ser guanacasteco e por sua vez Guillermo Ch\u00e1vez se encarregou da m\u00fasica, de plasmar essa alegria caracter\u00edstica da obra.<\/p>\n<p>&nbsp;<\/p>\n<p>Esp\u00edritu Guanacasteco<\/p>\n<p><a href=\"https:\/\/youtu.be\/edokGuQAy3c\">https:\/\/youtu.be\/edokGuQAy3c<\/a><\/p>\n","protected":false},"excerpt":{"rendered":"<p>A Filarmonia de Bagaces \u00e9 um projecto promovido por um grupo de amantes da m\u00fasica que t\u00eam semeado as bases e t\u00eam vindo a desenvolver um grupo com o objectivo de a constituir numa Banda de Concertos para assim deleitar os moradores com repert\u00f3rio regional, nacional e internacional atrav\u00e9s de concertos e de actividades de [&hellip;]<\/p>\n","protected":false},"author":1,"featured_media":12299,"comment_status":"closed","ping_status":"closed","sticky":false,"template":"","format":"standard","meta":{"_monsterinsights_skip_tracking":false,"_monsterinsights_sitenote_active":false,"_monsterinsights_sitenote_note":"","_monsterinsights_sitenote_category":0,"footnotes":""},"categories":[218],"tags":[],"class_list":["post-12301","post","type-post","status-publish","format-standard","has-post-thumbnail","hentry","category-noticias-generales-pt"],"lang":"pt","translations":{"pt":12301,"es":12298},"pll_sync_post":[],"post_mailing_queue_ids":[],"_links":{"self":[{"href":"https:\/\/www.ibermusicas.org\/index.php\/wp-json\/wp\/v2\/posts\/12301","targetHints":{"allow":["GET"]}}],"collection":[{"href":"https:\/\/www.ibermusicas.org\/index.php\/wp-json\/wp\/v2\/posts"}],"about":[{"href":"https:\/\/www.ibermusicas.org\/index.php\/wp-json\/wp\/v2\/types\/post"}],"author":[{"embeddable":true,"href":"https:\/\/www.ibermusicas.org\/index.php\/wp-json\/wp\/v2\/users\/1"}],"replies":[{"embeddable":true,"href":"https:\/\/www.ibermusicas.org\/index.php\/wp-json\/wp\/v2\/comments?post=12301"}],"version-history":[{"count":0,"href":"https:\/\/www.ibermusicas.org\/index.php\/wp-json\/wp\/v2\/posts\/12301\/revisions"}],"wp:featuredmedia":[{"embeddable":true,"href":"https:\/\/www.ibermusicas.org\/index.php\/wp-json\/wp\/v2\/media\/12299"}],"wp:attachment":[{"href":"https:\/\/www.ibermusicas.org\/index.php\/wp-json\/wp\/v2\/media?parent=12301"}],"wp:term":[{"taxonomy":"category","embeddable":true,"href":"https:\/\/www.ibermusicas.org\/index.php\/wp-json\/wp\/v2\/categories?post=12301"},{"taxonomy":"post_tag","embeddable":true,"href":"https:\/\/www.ibermusicas.org\/index.php\/wp-json\/wp\/v2\/tags?post=12301"}],"curies":[{"name":"wp","href":"https:\/\/api.w.org\/{rel}","templated":true}]}}