{"id":12363,"date":"2022-06-30T19:01:05","date_gmt":"2022-06-30T19:01:05","guid":{"rendered":"https:\/\/www.ibermusicas.org\/?p=12363"},"modified":"2022-06-30T19:01:27","modified_gmt":"2022-06-30T19:01:27","slug":"mathieu-ruz-ganador-por-colombia-del-premio-ibermusicas-de-creacion-de-cancion-2021-rinde-homenaje-al-legado-de-las-cantadora-de-su-tierra","status":"publish","type":"post","link":"https:\/\/www.ibermusicas.org\/index.php\/mathieu-ruz-ganador-por-colombia-del-premio-ibermusicas-de-creacion-de-cancion-2021-rinde-homenaje-al-legado-de-las-cantadora-de-su-tierra\/","title":{"rendered":"Mathieu Ruz, ganador por Colombia del Premio Iberm\u00fasicas de Creaci\u00f3n de Canci\u00f3n 2021 rinde homenaje al legado de las cantadora de su tierra"},"content":{"rendered":"<p>La canci\u00f3n evoca la celebraci\u00f3n que tiene lugar en el cielo cuando una cantadora deja esta tierra y se suma a la rueda celestial junto a todos los ancestros.<\/p>\n<p>&nbsp;<\/p>\n<p>Al llegar al cielo, San Pedro abre las doradas puertas para que las cantadoras entren al son del repique del tambor y se unan a las ruedas celestiales. Mientras tanto, aqu\u00ed en la tierra, un legado de bullerengue y bailes cantados nacen en la voz de Mathieu Ruz.<\/p>\n<p>&nbsp;<\/p>\n<p><em>\u201cVoy a canta\u2019 un bullerengue<\/em><\/p>\n<p><em>voy a repica\u2019 los cueros<\/em><\/p>\n<p><em>pa\u2019 que oigan las cantadoras<\/em><\/p>\n<p><em>que para el cielo se fueron\u201d<\/em><\/p>\n<p>&nbsp;<\/p>\n<p>\u201cRueda en el cielo\u201d es el nuevo sencillo de Mathieu Ruz, Cantador e Investigador de la tradici\u00f3n oral del Caribe Colombiano, quien nos deleita con esta entrega solista en un di\u00e1logo con el Bullerengue, rindiendo homenaje a las cantadoras que partieron de este plano terrenal y que son referentes de este g\u00e9nero ancestral, tendiendo un puente entre las nuevas generaciones y la herencia musical de los territorios afrocaribe\u00f1os.<\/p>\n<p>&nbsp;<\/p>\n<p>Esta canci\u00f3n, producida por Mijail Cel\u00edn \u201cDj Sisa\u201d para Ultraloide Music Studios en Barranquilla, es ganadora de la Convocatoria Iberm\u00fasicas 2021 de Creaci\u00f3n de Canci\u00f3n, y ya est\u00e1 disponible en las plataformas.<\/p>\n<p>&nbsp;<\/p>\n<p>Este cantante de 33 a\u00f1os, est\u00e1 comprometido con los g\u00e9neros folcl\u00f3ricos tradicionales del Caribe Colombiano. Hace m\u00fasica que ayuda a visibilizar el bullerengue junto a sus dos agrupaciones TROPICKUP y TONADA. Su tarea es difundir la tradici\u00f3n oral de sus antepasados \u200b\u200by salvaguardar el legado cultural de su regi\u00f3n, mientras se convierte en un ejemplo para toda una nueva generaci\u00f3n de j\u00f3venes cantantes del folclor, manteniendo vivas sus ra\u00edces y abriendo puertas para que nuestra m\u00fasica sea visible para el mundo.<\/p>\n<p>&nbsp;<\/p>\n<p>&nbsp;<\/p>\n<p>&nbsp;<\/p>\n<p>Pre-Save Plataformas: https:\/\/onerpm.link\/100461621154<\/p>\n<p>Bandcamp: https:\/\/mathieuruz.bandcamp.com\/track\/rueda-en-el-cielo<\/p>\n<p>Video Lyric: https:\/\/youtu.be\/80HRYwSuHLU<\/p>\n<p>Instagram: https:\/\/www.instagram.com\/mathieuruzofficial<\/p>\n","protected":false},"excerpt":{"rendered":"<p>La canci\u00f3n evoca la celebraci\u00f3n que tiene lugar en el cielo cuando una cantadora deja esta tierra y se suma a la rueda celestial junto a todos los ancestros. &nbsp; Al llegar al cielo, San Pedro abre las doradas puertas para que las cantadoras entren al son del repique del tambor y se unan a [&hellip;]<\/p>\n","protected":false},"author":1,"featured_media":12364,"comment_status":"closed","ping_status":"closed","sticky":false,"template":"","format":"standard","meta":{"_monsterinsights_skip_tracking":false,"_monsterinsights_sitenote_active":false,"_monsterinsights_sitenote_note":"","_monsterinsights_sitenote_category":0,"footnotes":""},"categories":[53],"tags":[],"class_list":["post-12363","post","type-post","status-publish","format-standard","has-post-thumbnail","hentry","category-noticias-generales"],"lang":"es","translations":{"es":12363,"pt":12366},"pll_sync_post":[],"post_mailing_queue_ids":[],"_links":{"self":[{"href":"https:\/\/www.ibermusicas.org\/index.php\/wp-json\/wp\/v2\/posts\/12363","targetHints":{"allow":["GET"]}}],"collection":[{"href":"https:\/\/www.ibermusicas.org\/index.php\/wp-json\/wp\/v2\/posts"}],"about":[{"href":"https:\/\/www.ibermusicas.org\/index.php\/wp-json\/wp\/v2\/types\/post"}],"author":[{"embeddable":true,"href":"https:\/\/www.ibermusicas.org\/index.php\/wp-json\/wp\/v2\/users\/1"}],"replies":[{"embeddable":true,"href":"https:\/\/www.ibermusicas.org\/index.php\/wp-json\/wp\/v2\/comments?post=12363"}],"version-history":[{"count":0,"href":"https:\/\/www.ibermusicas.org\/index.php\/wp-json\/wp\/v2\/posts\/12363\/revisions"}],"wp:featuredmedia":[{"embeddable":true,"href":"https:\/\/www.ibermusicas.org\/index.php\/wp-json\/wp\/v2\/media\/12364"}],"wp:attachment":[{"href":"https:\/\/www.ibermusicas.org\/index.php\/wp-json\/wp\/v2\/media?parent=12363"}],"wp:term":[{"taxonomy":"category","embeddable":true,"href":"https:\/\/www.ibermusicas.org\/index.php\/wp-json\/wp\/v2\/categories?post=12363"},{"taxonomy":"post_tag","embeddable":true,"href":"https:\/\/www.ibermusicas.org\/index.php\/wp-json\/wp\/v2\/tags?post=12363"}],"curies":[{"name":"wp","href":"https:\/\/api.w.org\/{rel}","templated":true}]}}