{"id":12368,"date":"2022-06-30T19:06:28","date_gmt":"2022-06-30T19:06:28","guid":{"rendered":"https:\/\/www.ibermusicas.org\/?p=12368"},"modified":"2022-07-29T17:32:59","modified_gmt":"2022-07-29T17:32:59","slug":"el-cantautor-cubano-oscar-sanchez-emprende-su-primera-gira-mexicana","status":"publish","type":"post","link":"https:\/\/www.ibermusicas.org\/index.php\/el-cantautor-cubano-oscar-sanchez-emprende-su-primera-gira-mexicana\/","title":{"rendered":"El cantautor cubano Oscar S\u00e1nchez emprende su primera gira mexicana"},"content":{"rendered":"<p>Catalogado como artista interdisciplinario, perform\u00e1tico, ir\u00f3nico, contestatario e incendiario, Oscar S\u00e1nchez deviene figura destacada en el panorama de la canci\u00f3n de autor cubana. Estudi\u00f3 de manera autodidacta la guitarra, el tres y la mar\u00edmbula, e incursiona en diversos g\u00e9neros de la m\u00fasica cubana (son, bolero, chang\u00fc\u00ed, neng\u00f3n), no solo en sus formas puras, sino tambi\u00e9n a trav\u00e9s de una original hibridaci\u00f3n de estos.<\/p>\n<p>&nbsp;<\/p>\n<p>Tanto las presentaciones en centros culturales de su pa\u00eds, como una discograf\u00eda que comprende actuaciones en vivo y tres fonogramas producidos de manera independiente, han llamado la atenci\u00f3n de un p\u00fablico que crece por d\u00edas, de voces de la cr\u00edtica especializada, y de realizadores audiovisuales de importante trayectoria.<\/p>\n<p>&nbsp;<\/p>\n<p>Este trovador ha compuesto la m\u00fasica original para obras de la escena teatral cubana, e integr\u00f3 la agrupaci\u00f3n Habana Roots Ensemble, bajo la direcci\u00f3n de Andr\u00e9s Lev\u00edn. En 2019 fue invitado por Silvio Rodr\u00edguez a participar en el concierto 104 de la Gira Interminable por los Barrios.<\/p>\n<p>&nbsp;<\/p>\n<p>Su discograf\u00eda est\u00e1 compuesta por los \u00e1lbumes Unknown Artist (2015), Ojos que te vieron Go, Never te ver\u00e1n Come Back (2017), en colaboraci\u00f3n con Marbis Manzanet, y Crowdfunding criollo: Oscar S\u00e1nchez en vivo desde La Casa de la Bombilla Verde (2020). Actualmente trabaja en su \u00faltima producci\u00f3n, Acqua d\u2019Oscaretto.<\/p>\n<p>&nbsp;<\/p>\n<p>&nbsp;<\/p>\n<p>Jueves 9 de julio 20:30 hs. Fr\u00ebims (CDMX)<\/p>\n<p>Martes 14 de julio 21:00 hs. F\u00f3rum Pachuca (Pachuca)<\/p>\n<p>Mi\u00e9rcoles 22 de julio 21:00 hs. Isla Producciones (Guadalajara)<\/p>\n<p>Jueves 30 de julio 21:00 hs.\u00a0 AMEBA Studio (Puebla)<\/p>\n<p>Martes 5 de agosto 20:30 hs. Multiforo 246 (CDMX)<\/p>\n<p>&nbsp;<\/p>\n<p>https:\/\/www.instagram.com\/caguamaconda\/<\/p>\n<p>https:\/\/www.facebook.com\/oscarsanchezosty<\/p>\n<p><iframe title=\"Spotify Embed: \u00d3scar S\u00e1nchez\" style=\"border-radius: 12px\" width=\"100%\" height=\"352\" frameborder=\"0\" allowfullscreen allow=\"autoplay; clipboard-write; encrypted-media; fullscreen; picture-in-picture\" loading=\"lazy\" src=\"https:\/\/open.spotify.com\/embed\/artist\/3ndxXgscmt7DgFRvBLE3m5?utm_source=oembed\"><\/iframe><\/p>\n<p>https:\/\/oscarsanchez.bandcamp.com\/<\/p>\n","protected":false},"excerpt":{"rendered":"<p>Catalogado como artista interdisciplinario, perform\u00e1tico, ir\u00f3nico, contestatario e incendiario, Oscar S\u00e1nchez deviene figura destacada en el panorama de la canci\u00f3n de autor cubana. Estudi\u00f3 de manera autodidacta la guitarra, el tres y la mar\u00edmbula, e incursiona en diversos g\u00e9neros de la m\u00fasica cubana (son, bolero, chang\u00fc\u00ed, neng\u00f3n), no solo en sus formas puras, sino tambi\u00e9n [&hellip;]<\/p>\n","protected":false},"author":1,"featured_media":12369,"comment_status":"closed","ping_status":"closed","sticky":false,"template":"","format":"standard","meta":{"_monsterinsights_skip_tracking":false,"_monsterinsights_sitenote_active":false,"_monsterinsights_sitenote_note":"","_monsterinsights_sitenote_category":0,"footnotes":""},"categories":[53],"tags":[],"class_list":["post-12368","post","type-post","status-publish","format-standard","has-post-thumbnail","hentry","category-noticias-generales"],"lang":"es","translations":{"es":12368,"pt":12371},"pll_sync_post":[],"post_mailing_queue_ids":[],"_links":{"self":[{"href":"https:\/\/www.ibermusicas.org\/index.php\/wp-json\/wp\/v2\/posts\/12368","targetHints":{"allow":["GET"]}}],"collection":[{"href":"https:\/\/www.ibermusicas.org\/index.php\/wp-json\/wp\/v2\/posts"}],"about":[{"href":"https:\/\/www.ibermusicas.org\/index.php\/wp-json\/wp\/v2\/types\/post"}],"author":[{"embeddable":true,"href":"https:\/\/www.ibermusicas.org\/index.php\/wp-json\/wp\/v2\/users\/1"}],"replies":[{"embeddable":true,"href":"https:\/\/www.ibermusicas.org\/index.php\/wp-json\/wp\/v2\/comments?post=12368"}],"version-history":[{"count":0,"href":"https:\/\/www.ibermusicas.org\/index.php\/wp-json\/wp\/v2\/posts\/12368\/revisions"}],"wp:featuredmedia":[{"embeddable":true,"href":"https:\/\/www.ibermusicas.org\/index.php\/wp-json\/wp\/v2\/media\/12369"}],"wp:attachment":[{"href":"https:\/\/www.ibermusicas.org\/index.php\/wp-json\/wp\/v2\/media?parent=12368"}],"wp:term":[{"taxonomy":"category","embeddable":true,"href":"https:\/\/www.ibermusicas.org\/index.php\/wp-json\/wp\/v2\/categories?post=12368"},{"taxonomy":"post_tag","embeddable":true,"href":"https:\/\/www.ibermusicas.org\/index.php\/wp-json\/wp\/v2\/tags?post=12368"}],"curies":[{"name":"wp","href":"https:\/\/api.w.org\/{rel}","templated":true}]}}