{"id":12376,"date":"2022-06-30T19:11:16","date_gmt":"2022-06-30T19:11:16","guid":{"rendered":"https:\/\/www.ibermusicas.org\/?p=12376"},"modified":"2022-06-30T19:11:16","modified_gmt":"2022-06-30T19:11:16","slug":"a-cantora-argentina-majo-clutet-nos-aproxima-desde-o-mexico-o-primeiro-capitulo-de-seu-trabalho-cantares-musicas-generos-e-territorios","status":"publish","type":"post","link":"https:\/\/www.ibermusicas.org\/index.php\/a-cantora-argentina-majo-clutet-nos-aproxima-desde-o-mexico-o-primeiro-capitulo-de-seu-trabalho-cantares-musicas-generos-e-territorios\/","title":{"rendered":"A cantora argentina Majo Clutet nos aproxima desde o M\u00e9xico o primeiro cap\u00edtulo de seu trabalho \u00abCantares: M\u00fasica(s), G\u00eanero(s) e Territ\u00f3rio(s)\u00bb"},"content":{"rendered":"<p>\u00abCantares: M\u00fasica(s), G\u00eanero(s) e Territ\u00f3rio(s)\u00bb \u00e9 uma s\u00e9rie de micro-document\u00e1rios que pretendem visibilizar e favorecer a coopera\u00e7\u00e3o entre mulheres m\u00fasicas latino-americanas, destacando as experi\u00eancias, obst\u00e1culos e reivindica\u00e7\u00f5es de seus protagonistas. O projeto se realiza no marco de uma viagem pela Am\u00e9rica Latina da cantora argentina Majo Clutet que se encontra documentando testemunhos e can\u00e7\u00f5es de outras mulheres m\u00fasicas da regi\u00e3o.<\/p>\n<p>&nbsp;<\/p>\n<p>O objetivo \u00e9 construir um relato em conjunto que se encontre atravessado pelas experi\u00eancias e viv\u00eancias atrav\u00e9s de tr\u00eas eixos fundamentais: a m\u00fasica, o g\u00eanero e o territ\u00f3rio.<\/p>\n<p>&nbsp;<\/p>\n<p>No primeiro cap\u00edtulo Majo Clutet entrevista e realiza uma colabora\u00e7\u00e3o musical com a cantora mexicana Elo Vit em sua casa localizada na Cidade do M\u00e9xico.<\/p>\n<p>&nbsp;<\/p>\n<p>Elo Vit \u00e9 compositora e compositora mexicana que atua em g\u00eaneros musicais como folk, ritmos latino-americanos e rock. Foi ganhadora do Sistema de Apoios \u00e0 Cria\u00e7\u00e3o e a Projetos Culturais FONCA (2020) e do Certame \u00abViva a can\u00e7\u00e3o de autor\u00bb do M\u00e9xico (2021). Integra o coletivo de mulheres na m\u00fasica do M\u00e9xico \u00abEnergia nuclear\u00bb.<\/p>\n<p>&nbsp;<\/p>\n<p>Majo Clutet \u00e9 uma cantora argentina que atua em g\u00eaneros como o folclore e a can\u00e7\u00e3o litor\u00e2nea. Foi ganhadora do VII pr\u00eamio Iberm\u00fasicas \u00e0 cria\u00e7\u00e3o de can\u00e7\u00f5es (2020), ganhadora da bolsa cria\u00e7\u00e3o do Fonda Nacional de las Artes da Argentina (2021), ganhadora do terceiro pr\u00eamio no concurso \u00abViva la canci\u00f3n de autor\u00bb do M\u00e9xico (2021) e primeira men\u00e7\u00e3o especial do Concurso \u00abTe dou uma can\u00e7\u00e3o\u00bb de Ros\u00e1rio (2019). Integra TRUENA: Rede Plurinacional e Transfeminista de trabalhadorxs da m\u00fasica da Argentina<\/p>\n<p>&nbsp;<\/p>\n<p>&nbsp;<\/p>\n<p>10 de julho 20hs (MX), 22hs (AR) em: https:\/\/youtu.be\/oC2QiAOcyuc<\/p>\n<p>&nbsp;<\/p>\n","protected":false},"excerpt":{"rendered":"<p>\u00abCantares: M\u00fasica(s), G\u00eanero(s) e Territ\u00f3rio(s)\u00bb \u00e9 uma s\u00e9rie de micro-document\u00e1rios que pretendem visibilizar e favorecer a coopera\u00e7\u00e3o entre mulheres m\u00fasicas latino-americanas, destacando as experi\u00eancias, obst\u00e1culos e reivindica\u00e7\u00f5es de seus protagonistas. O projeto se realiza no marco de uma viagem pela Am\u00e9rica Latina da cantora argentina Majo Clutet que se encontra documentando testemunhos e can\u00e7\u00f5es de [&hellip;]<\/p>\n","protected":false},"author":1,"featured_media":12374,"comment_status":"closed","ping_status":"closed","sticky":false,"template":"","format":"standard","meta":{"_monsterinsights_skip_tracking":false,"_monsterinsights_sitenote_active":false,"_monsterinsights_sitenote_note":"","_monsterinsights_sitenote_category":0,"footnotes":""},"categories":[218],"tags":[],"class_list":["post-12376","post","type-post","status-publish","format-standard","has-post-thumbnail","hentry","category-noticias-generales-pt"],"lang":"pt","translations":{"pt":12376,"es":12373},"pll_sync_post":[],"post_mailing_queue_ids":[],"_links":{"self":[{"href":"https:\/\/www.ibermusicas.org\/index.php\/wp-json\/wp\/v2\/posts\/12376","targetHints":{"allow":["GET"]}}],"collection":[{"href":"https:\/\/www.ibermusicas.org\/index.php\/wp-json\/wp\/v2\/posts"}],"about":[{"href":"https:\/\/www.ibermusicas.org\/index.php\/wp-json\/wp\/v2\/types\/post"}],"author":[{"embeddable":true,"href":"https:\/\/www.ibermusicas.org\/index.php\/wp-json\/wp\/v2\/users\/1"}],"replies":[{"embeddable":true,"href":"https:\/\/www.ibermusicas.org\/index.php\/wp-json\/wp\/v2\/comments?post=12376"}],"version-history":[{"count":0,"href":"https:\/\/www.ibermusicas.org\/index.php\/wp-json\/wp\/v2\/posts\/12376\/revisions"}],"wp:featuredmedia":[{"embeddable":true,"href":"https:\/\/www.ibermusicas.org\/index.php\/wp-json\/wp\/v2\/media\/12374"}],"wp:attachment":[{"href":"https:\/\/www.ibermusicas.org\/index.php\/wp-json\/wp\/v2\/media?parent=12376"}],"wp:term":[{"taxonomy":"category","embeddable":true,"href":"https:\/\/www.ibermusicas.org\/index.php\/wp-json\/wp\/v2\/categories?post=12376"},{"taxonomy":"post_tag","embeddable":true,"href":"https:\/\/www.ibermusicas.org\/index.php\/wp-json\/wp\/v2\/tags?post=12376"}],"curies":[{"name":"wp","href":"https:\/\/api.w.org\/{rel}","templated":true}]}}