{"id":12386,"date":"2022-06-30T19:16:29","date_gmt":"2022-06-30T19:16:29","guid":{"rendered":"https:\/\/www.ibermusicas.org\/?p=12386"},"modified":"2022-07-29T17:34:55","modified_gmt":"2022-07-29T17:34:55","slug":"do-peru-chegam-os-bootcamps-de-producao-e-jornalismo-musical-organizados-pela-corrente-peru","status":"publish","type":"post","link":"https:\/\/www.ibermusicas.org\/index.php\/do-peru-chegam-os-bootcamps-de-producao-e-jornalismo-musical-organizados-pela-corrente-peru\/","title":{"rendered":"Do Peru chegam os Bootcamps de Produ\u00e7\u00e3o e Jornalismo Musical organizados pela Corrente Peru"},"content":{"rendered":"<p>Os Bootcamps s\u00e3o programas intensivos de acompanhamento e acelera\u00e7\u00e3o profissional para empreendimentos e agentes do setor musical que ter\u00e3o lugar na App &amp; Web App de Corrente, a fim de impulsionar a vincula\u00e7\u00e3o entre os participantes selecionados.<\/p>\n<p>&nbsp;<\/p>\n<p>Cada Bootcamp vai ser organizado com ag\u00eancias e iniciativas da ind\u00fastria musical latino-americana peritas nas tem\u00e1ticas a desenvolver e com o objetivo de multiplicar as oportunidades de vincula\u00e7\u00e3o e interc\u00e2mbio. As sess\u00f5es de trabalho s\u00e3o realizadas em um ambiente de aprendizagem pr\u00e1tica em que se colocam situa\u00e7\u00f5es profissionais reais, com expoentes e mentores reconhecidos do meio.<\/p>\n<p>&nbsp;<\/p>\n<p>&nbsp;<\/p>\n<p>Ter\u00e7a-feira, 12 de Julho. O neg\u00f3cio da cria\u00e7\u00e3o de can\u00e7\u00f5es: Carreiras de criadores da LATAM para o global a cargo de Camilo Schriever, Alejandro Le\u00f3n e Paola Vicaria<\/p>\n<p>Quinta-feira 14 de julho. A alma das can\u00e7\u00f5es: Como levar a m\u00fasica local ao export\u00e1vel\/mainstream? a cargo de Guillermo Scherping e Somontano<\/p>\n<p>Ter\u00e7a-feira 19 de julho. Por que um construtor de obras deve ter uma equipe e qual \u00e9 a sua import\u00e2ncia? a cargo de Camilo Schiever e Rubio<\/p>\n<p>Quinta-feira 21 de julho. O criador como marca a cargo de Camila Bustos e Enrique Marquez<\/p>\n<p>&nbsp;<\/p>\n<p><a href=\"http:\/\/www.corrienteperu.com\">www.corrienteperu.com<\/a><\/p>\n","protected":false},"excerpt":{"rendered":"<p>Os Bootcamps s\u00e3o programas intensivos de acompanhamento e acelera\u00e7\u00e3o profissional para empreendimentos e agentes do setor musical que ter\u00e3o lugar na App &amp; Web App de Corrente, a fim de impulsionar a vincula\u00e7\u00e3o entre os participantes selecionados. &nbsp; Cada Bootcamp vai ser organizado com ag\u00eancias e iniciativas da ind\u00fastria musical latino-americana peritas nas tem\u00e1ticas a [&hellip;]<\/p>\n","protected":false},"author":1,"featured_media":12384,"comment_status":"closed","ping_status":"closed","sticky":false,"template":"","format":"standard","meta":{"_monsterinsights_skip_tracking":false,"_monsterinsights_sitenote_active":false,"_monsterinsights_sitenote_note":"","_monsterinsights_sitenote_category":0,"footnotes":""},"categories":[218],"tags":[],"class_list":["post-12386","post","type-post","status-publish","format-standard","has-post-thumbnail","hentry","category-noticias-generales-pt"],"lang":"pt","translations":{"pt":12386,"es":12383},"pll_sync_post":[],"post_mailing_queue_ids":[],"_links":{"self":[{"href":"https:\/\/www.ibermusicas.org\/index.php\/wp-json\/wp\/v2\/posts\/12386","targetHints":{"allow":["GET"]}}],"collection":[{"href":"https:\/\/www.ibermusicas.org\/index.php\/wp-json\/wp\/v2\/posts"}],"about":[{"href":"https:\/\/www.ibermusicas.org\/index.php\/wp-json\/wp\/v2\/types\/post"}],"author":[{"embeddable":true,"href":"https:\/\/www.ibermusicas.org\/index.php\/wp-json\/wp\/v2\/users\/1"}],"replies":[{"embeddable":true,"href":"https:\/\/www.ibermusicas.org\/index.php\/wp-json\/wp\/v2\/comments?post=12386"}],"version-history":[{"count":0,"href":"https:\/\/www.ibermusicas.org\/index.php\/wp-json\/wp\/v2\/posts\/12386\/revisions"}],"wp:featuredmedia":[{"embeddable":true,"href":"https:\/\/www.ibermusicas.org\/index.php\/wp-json\/wp\/v2\/media\/12384"}],"wp:attachment":[{"href":"https:\/\/www.ibermusicas.org\/index.php\/wp-json\/wp\/v2\/media?parent=12386"}],"wp:term":[{"taxonomy":"category","embeddable":true,"href":"https:\/\/www.ibermusicas.org\/index.php\/wp-json\/wp\/v2\/categories?post=12386"},{"taxonomy":"post_tag","embeddable":true,"href":"https:\/\/www.ibermusicas.org\/index.php\/wp-json\/wp\/v2\/tags?post=12386"}],"curies":[{"name":"wp","href":"https:\/\/api.w.org\/{rel}","templated":true}]}}