{"id":12388,"date":"2022-06-30T19:18:34","date_gmt":"2022-06-30T19:18:34","guid":{"rendered":"https:\/\/www.ibermusicas.org\/?p=12388"},"modified":"2022-07-29T17:32:43","modified_gmt":"2022-07-29T17:32:43","slug":"batimento-duo-de-uruguay-se-presentara-en-el-10-festival-internacional-guitarras-en-la-ciudad-blanca-de-bolivia","status":"publish","type":"post","link":"https:\/\/www.ibermusicas.org\/index.php\/batimento-duo-de-uruguay-se-presentara-en-el-10-festival-internacional-guitarras-en-la-ciudad-blanca-de-bolivia\/","title":{"rendered":"Batimento d\u00fao de Uruguay se presentar\u00e1 en el 10\u00b0 Festival Internacional \u201cGuitarras en la ciudad blanca\u201d de Bolivia"},"content":{"rendered":"<p>Batimento d\u00fao, es una propuesta instrumental formada por Ignacio\u00a0 Correa y Andr\u00e9s Rey, quienes exploran las posibilidades sonoras y expresivas del conjunto de guitarras. Tomando como punto de partida la m\u00fasica regional, abordan la pr\u00e1ctica musical desde distintos puntos de vista, centr\u00e1ndose en los g\u00e9neros rioplatenses del tango, vals y milonga. Para esta propuesta crean e interpretan arreglos originales para la formaci\u00f3n con una personal mirada de los g\u00e9neros.<\/p>\n<p>&nbsp;<\/p>\n<p>\u201cGuitarras en la Ciudad Blanca\u201d es un festival internacional que se desarrolla durante distintas fechas entre los meses de julio y agosto de cada a\u00f1o, en la ciudad de Sucre y diferentes municipios del departamento de Chuquisaca, programando diversas actividades de difusi\u00f3n, formaci\u00f3n, promoci\u00f3n y di\u00e1logo art\u00edstico e intercultural: conciertos (en espacios convencionales y no convencionales), conferencias, clases magistrales, presentaciones de libros, actividades de convivencia intercultural, eventos colaborativos y de formaci\u00f3n de p\u00fablicos reuniendo magistrales propuestas individuales y grupales de destacados compositores, int\u00e9rpretes, pedagogos y music\u00f3logos de Am\u00e9rica del Sur, Centroam\u00e9rica, Asia, y Europa, convirti\u00e9ndose en la actualidad en una referencia \u00fanica y extraordinaria en Bolivia, y de impacto y visibilizaci\u00f3n internacional.<\/p>\n<p>&nbsp;<\/p>\n<p>En esta ocasi\u00f3n, Batimento D\u00fao realizar\u00e1 conciertos en los que mostrar\u00e1\u00a0 las composiciones de Felisberto Hern\u00e1ndez, as\u00ed como tambi\u00e9n arreglos y composiciones propias de m\u00fasicas de ra\u00edz popular vinculadas con los g\u00e9neros de la regi\u00f3n del R\u00edo de la Plata.<\/p>\n<p>&nbsp;<\/p>\n<p>&nbsp;<\/p>\n<p>Mi\u00e9rcoles 6 de julio 19:00 hs. Sucre, Bolivia<\/p>\n<p>Viernes 8 de julio 19.30 hs. Tarija, Bolivia<\/p>\n<p>Domingo 10 de julio 19:00 hs. Sucre, Bolivia<\/p>\n","protected":false},"excerpt":{"rendered":"<p>Batimento d\u00fao, es una propuesta instrumental formada por Ignacio\u00a0 Correa y Andr\u00e9s Rey, quienes exploran las posibilidades sonoras y expresivas del conjunto de guitarras. Tomando como punto de partida la m\u00fasica regional, abordan la pr\u00e1ctica musical desde distintos puntos de vista, centr\u00e1ndose en los g\u00e9neros rioplatenses del tango, vals y milonga. Para esta propuesta crean [&hellip;]<\/p>\n","protected":false},"author":1,"featured_media":12389,"comment_status":"closed","ping_status":"closed","sticky":false,"template":"","format":"standard","meta":{"_monsterinsights_skip_tracking":false,"_monsterinsights_sitenote_active":false,"_monsterinsights_sitenote_note":"","_monsterinsights_sitenote_category":0,"footnotes":""},"categories":[53],"tags":[],"class_list":["post-12388","post","type-post","status-publish","format-standard","has-post-thumbnail","hentry","category-noticias-generales"],"lang":"es","translations":{"es":12388,"pt":12391},"pll_sync_post":[],"post_mailing_queue_ids":[],"_links":{"self":[{"href":"https:\/\/www.ibermusicas.org\/index.php\/wp-json\/wp\/v2\/posts\/12388","targetHints":{"allow":["GET"]}}],"collection":[{"href":"https:\/\/www.ibermusicas.org\/index.php\/wp-json\/wp\/v2\/posts"}],"about":[{"href":"https:\/\/www.ibermusicas.org\/index.php\/wp-json\/wp\/v2\/types\/post"}],"author":[{"embeddable":true,"href":"https:\/\/www.ibermusicas.org\/index.php\/wp-json\/wp\/v2\/users\/1"}],"replies":[{"embeddable":true,"href":"https:\/\/www.ibermusicas.org\/index.php\/wp-json\/wp\/v2\/comments?post=12388"}],"version-history":[{"count":0,"href":"https:\/\/www.ibermusicas.org\/index.php\/wp-json\/wp\/v2\/posts\/12388\/revisions"}],"wp:featuredmedia":[{"embeddable":true,"href":"https:\/\/www.ibermusicas.org\/index.php\/wp-json\/wp\/v2\/media\/12389"}],"wp:attachment":[{"href":"https:\/\/www.ibermusicas.org\/index.php\/wp-json\/wp\/v2\/media?parent=12388"}],"wp:term":[{"taxonomy":"category","embeddable":true,"href":"https:\/\/www.ibermusicas.org\/index.php\/wp-json\/wp\/v2\/categories?post=12388"},{"taxonomy":"post_tag","embeddable":true,"href":"https:\/\/www.ibermusicas.org\/index.php\/wp-json\/wp\/v2\/tags?post=12388"}],"curies":[{"name":"wp","href":"https:\/\/api.w.org\/{rel}","templated":true}]}}