{"id":12391,"date":"2022-06-30T19:19:59","date_gmt":"2022-06-30T19:19:59","guid":{"rendered":"https:\/\/www.ibermusicas.org\/?p=12391"},"modified":"2022-07-29T17:34:42","modified_gmt":"2022-07-29T17:34:42","slug":"batimento-duo-de-uruguai-sera-apresentado-no-10-festival-internacional-guitarras-na-cidade-branca-de-bolivia","status":"publish","type":"post","link":"https:\/\/www.ibermusicas.org\/index.php\/batimento-duo-de-uruguai-sera-apresentado-no-10-festival-internacional-guitarras-na-cidade-branca-de-bolivia\/","title":{"rendered":"Batimento duo de Uruguai ser\u00e1 apresentado no 10\u00b0 Festival Internacional \u00abGuitarras na cidade branca\u00bb de Bol\u00edvia"},"content":{"rendered":"<p>Batimento duo, \u00e9 uma proposta instrumental formada por Ignacio Correa e Andr\u00e9s Rey, que exploram as possibilidades sonoras e expressivas do conjunto de guitarras. Tomando como ponto de partida a m\u00fasica regional, abordam a pr\u00e1tica musical desde diferentes pontos de vista, centrando-se nos g\u00eaneros rio-platenses do tango, valsa e milonga. Para esta proposta criam e interpretam arranjos originais para a forma\u00e7\u00e3o com um olhar pessoal dos g\u00eaneros.<\/p>\n<p>&nbsp;<\/p>\n<p>\u00abGuitarras na Cidade Branca\u00bb \u00e9 um festival internacional que se desenvolve durante diferentes datas entre os meses de julho e agosto de cada ano, na cidade de Sucre e diferentes munic\u00edpios do departamento de Chuquisaca, programando diversas atividades de difus\u00e3o, forma\u00e7\u00e3o, promo\u00e7\u00e3o e di\u00e1logo art\u00edstico e intercultural: concertos (em espa\u00e7os convencionais e n\u00e3o convencionais), confer\u00eancias, aulas de ensino, apresenta\u00e7\u00f5es de livros, actividades de conviv\u00eancia intercultural, eventos colaborativos e de forma\u00e7\u00e3o de p\u00fablicos reuniendo magistrais propostas individuais e grupais de destacados compositores, int\u00e9rpretes, pedagogos e music\u00f3logos da Am\u00e9rica do Sul, Am\u00e9rica Central, \u00c1sia e Europa, tornando-se hoje uma refer\u00eancia \u00fanica e extraordin\u00e1ria na Bol\u00edvia, e de impacto e visibiliza\u00e7\u00e3o internacional.<\/p>\n<p>&nbsp;<\/p>\n<p>Nesta ocasi\u00e3o, Batimento Duo ir\u00e1 realizar concertos nos quais mostrar\u00e1 as composi\u00e7\u00f5es de Felisberto Hern\u00e1ndez, bem como arranjos e composi\u00e7\u00f5es pr\u00f3prias de m\u00fasicas de raiz popular ligadas com os g\u00eaneros da regi\u00e3o do Rio de la Plata.<\/p>\n<p>&nbsp;<\/p>\n<p>&nbsp;<\/p>\n<p>Quarta-feira 6 de julho \u00e0s 19:00 hs. Sucre, Bol\u00edvia<\/p>\n<p>Sexta-feira 8 de julho \u00e0s 19.30 hs. Tarija, Bol\u00edvia<\/p>\n<p>Domingo 10 de julho \u00e0s 19:00 hs. Sucre, Bol\u00edvia<\/p>\n","protected":false},"excerpt":{"rendered":"<p>Batimento duo, \u00e9 uma proposta instrumental formada por Ignacio Correa e Andr\u00e9s Rey, que exploram as possibilidades sonoras e expressivas do conjunto de guitarras. Tomando como ponto de partida a m\u00fasica regional, abordam a pr\u00e1tica musical desde diferentes pontos de vista, centrando-se nos g\u00eaneros rio-platenses do tango, valsa e milonga. Para esta proposta criam e [&hellip;]<\/p>\n","protected":false},"author":1,"featured_media":12389,"comment_status":"closed","ping_status":"closed","sticky":false,"template":"","format":"standard","meta":{"_monsterinsights_skip_tracking":false,"_monsterinsights_sitenote_active":false,"_monsterinsights_sitenote_note":"","_monsterinsights_sitenote_category":0,"footnotes":""},"categories":[218],"tags":[],"class_list":["post-12391","post","type-post","status-publish","format-standard","has-post-thumbnail","hentry","category-noticias-generales-pt"],"lang":"pt","translations":{"pt":12391,"es":12388},"pll_sync_post":[],"post_mailing_queue_ids":[],"_links":{"self":[{"href":"https:\/\/www.ibermusicas.org\/index.php\/wp-json\/wp\/v2\/posts\/12391","targetHints":{"allow":["GET"]}}],"collection":[{"href":"https:\/\/www.ibermusicas.org\/index.php\/wp-json\/wp\/v2\/posts"}],"about":[{"href":"https:\/\/www.ibermusicas.org\/index.php\/wp-json\/wp\/v2\/types\/post"}],"author":[{"embeddable":true,"href":"https:\/\/www.ibermusicas.org\/index.php\/wp-json\/wp\/v2\/users\/1"}],"replies":[{"embeddable":true,"href":"https:\/\/www.ibermusicas.org\/index.php\/wp-json\/wp\/v2\/comments?post=12391"}],"version-history":[{"count":0,"href":"https:\/\/www.ibermusicas.org\/index.php\/wp-json\/wp\/v2\/posts\/12391\/revisions"}],"wp:featuredmedia":[{"embeddable":true,"href":"https:\/\/www.ibermusicas.org\/index.php\/wp-json\/wp\/v2\/media\/12389"}],"wp:attachment":[{"href":"https:\/\/www.ibermusicas.org\/index.php\/wp-json\/wp\/v2\/media?parent=12391"}],"wp:term":[{"taxonomy":"category","embeddable":true,"href":"https:\/\/www.ibermusicas.org\/index.php\/wp-json\/wp\/v2\/categories?post=12391"},{"taxonomy":"post_tag","embeddable":true,"href":"https:\/\/www.ibermusicas.org\/index.php\/wp-json\/wp\/v2\/tags?post=12391"}],"curies":[{"name":"wp","href":"https:\/\/api.w.org\/{rel}","templated":true}]}}