{"id":12406,"date":"2022-06-30T19:31:15","date_gmt":"2022-06-30T19:31:15","guid":{"rendered":"https:\/\/www.ibermusicas.org\/?p=12406"},"modified":"2022-07-29T17:34:19","modified_gmt":"2022-07-29T17:34:19","slug":"do-uruguai-mestizo-cantos-e-ritmos-da-america-latina-e-caribe-chega-com-sua-musica-a-colombia","status":"publish","type":"post","link":"https:\/\/www.ibermusicas.org\/index.php\/do-uruguai-mestizo-cantos-e-ritmos-da-america-latina-e-caribe-chega-com-sua-musica-a-colombia\/","title":{"rendered":"Do Uruguai Mestizo &#8211; Cantos e Ritmos da Am\u00e9rica Latina e Caribe chega com sua m\u00fasica \u00e0 Col\u00f4mbia"},"content":{"rendered":"<p>Mestizo chega \u00e0 Col\u00f4mbia com seus cantos, ritmos e dan\u00e7as da Am\u00e9rica Latina e do Caribe em uma turn\u00ea sem precedentes j\u00e1 que \u00e9 o primeiro grupo formado no Uruguai que difunde ritmos tradicionais colombianos e um repert\u00f3rio que inclui ritmos do Uruguai, Cuba, Porto Rico, Venezuela, Peru e Brasil.<\/p>\n<p>&nbsp;<\/p>\n<p>Para este ciclo de concertos, palestras e oficinas na Col\u00f4mbia, Mestizo dar\u00e1 especial \u00eanfase ao \u00abCandombe\u00bb; ritmo do folclore afro-uruguaio declarado patrim\u00f4nio imaterial da humanidade em 2009, com uma proposta que aborda inclusive uma pe\u00e7a de fus\u00e3o entre ritmos afro de ambos os pa\u00edses.<\/p>\n<p>&nbsp;<\/p>\n<p>Ap\u00f3s quinze anos de pesquisa e estudo permanentes, o grupo dedicou-se \u00e0 difus\u00e3o e ensino da riqueza r\u00edtmica latino-americana atrav\u00e9s de oficinas, concertos did\u00e1ticos e apresenta\u00e7\u00f5es em todo o Uruguai.<\/p>\n<p>&nbsp;<\/p>\n<p>Mestizo chega \u00e0 Col\u00f4mbia com toda a for\u00e7a de suas percuss\u00f5es e arranjos vocais, clarinete, baixo, guitarra e tiple colombiano em um di\u00e1logo c\u00eanico de m\u00fasica e dan\u00e7a onde o p\u00fablico viver\u00e1 uma experi\u00eancia de viagem cultural por toda a Am\u00e9rica Latina eo Caribe, procurando construir pontes musicais que gerem carinho entre os nossos povos.<\/p>\n<p>&nbsp;<\/p>\n<p>Sexta-feira 1 de julho 19:30 hs. \u00abAseismanos &#8211; Restaurante\/ Espa\u00e7o Cultural\u00bb, calle 22# 8-60, Bogot\u00e1, Col\u00f4mbia<\/p>\n<p>&nbsp;<\/p>\n<p>Quinta-feira 7 de julho 21:00 hs. \u00abCasa Quiebracanto\u00bb, Carrera 5 # 17\/76, Bogot\u00e1, Col\u00f4mbia<\/p>\n<p>&nbsp;<\/p>\n<p>S\u00e1bado 9 de Julho, 16:00 hs. Teatro La Media Torta, Bogot\u00e1, Col\u00f4mbia<\/p>\n<p>&nbsp;<\/p>\n<p>Domingo 10 de Julho, 14:00 hs. Fundaci\u00f3n Cayenne. Calle 39 # 20-38, Bogot\u00e1, Col\u00f4mbia<\/p>\n","protected":false},"excerpt":{"rendered":"<p>Mestizo chega \u00e0 Col\u00f4mbia com seus cantos, ritmos e dan\u00e7as da Am\u00e9rica Latina e do Caribe em uma turn\u00ea sem precedentes j\u00e1 que \u00e9 o primeiro grupo formado no Uruguai que difunde ritmos tradicionais colombianos e um repert\u00f3rio que inclui ritmos do Uruguai, Cuba, Porto Rico, Venezuela, Peru e Brasil. &nbsp; Para este ciclo de [&hellip;]<\/p>\n","protected":false},"author":1,"featured_media":12404,"comment_status":"closed","ping_status":"closed","sticky":false,"template":"","format":"standard","meta":{"_monsterinsights_skip_tracking":false,"_monsterinsights_sitenote_active":false,"_monsterinsights_sitenote_note":"","_monsterinsights_sitenote_category":0,"footnotes":""},"categories":[218],"tags":[],"class_list":["post-12406","post","type-post","status-publish","format-standard","has-post-thumbnail","hentry","category-noticias-generales-pt"],"lang":"pt","translations":{"pt":12406,"es":12403},"pll_sync_post":[],"post_mailing_queue_ids":[],"_links":{"self":[{"href":"https:\/\/www.ibermusicas.org\/index.php\/wp-json\/wp\/v2\/posts\/12406","targetHints":{"allow":["GET"]}}],"collection":[{"href":"https:\/\/www.ibermusicas.org\/index.php\/wp-json\/wp\/v2\/posts"}],"about":[{"href":"https:\/\/www.ibermusicas.org\/index.php\/wp-json\/wp\/v2\/types\/post"}],"author":[{"embeddable":true,"href":"https:\/\/www.ibermusicas.org\/index.php\/wp-json\/wp\/v2\/users\/1"}],"replies":[{"embeddable":true,"href":"https:\/\/www.ibermusicas.org\/index.php\/wp-json\/wp\/v2\/comments?post=12406"}],"version-history":[{"count":0,"href":"https:\/\/www.ibermusicas.org\/index.php\/wp-json\/wp\/v2\/posts\/12406\/revisions"}],"wp:featuredmedia":[{"embeddable":true,"href":"https:\/\/www.ibermusicas.org\/index.php\/wp-json\/wp\/v2\/media\/12404"}],"wp:attachment":[{"href":"https:\/\/www.ibermusicas.org\/index.php\/wp-json\/wp\/v2\/media?parent=12406"}],"wp:term":[{"taxonomy":"category","embeddable":true,"href":"https:\/\/www.ibermusicas.org\/index.php\/wp-json\/wp\/v2\/categories?post=12406"},{"taxonomy":"post_tag","embeddable":true,"href":"https:\/\/www.ibermusicas.org\/index.php\/wp-json\/wp\/v2\/tags?post=12406"}],"curies":[{"name":"wp","href":"https:\/\/api.w.org\/{rel}","templated":true}]}}