{"id":12408,"date":"2022-06-30T19:32:25","date_gmt":"2022-06-30T19:32:25","guid":{"rendered":"https:\/\/www.ibermusicas.org\/?p=12408"},"modified":"2022-06-30T19:32:25","modified_gmt":"2022-06-30T19:32:25","slug":"el-musico-y-compositor-mexicano-ramses-luna-continua-con-el-desarrollo-de-la-bitacora-de-expedicion-en-el-sur-del-continente-americano","status":"publish","type":"post","link":"https:\/\/www.ibermusicas.org\/index.php\/el-musico-y-compositor-mexicano-ramses-luna-continua-con-el-desarrollo-de-la-bitacora-de-expedicion-en-el-sur-del-continente-americano\/","title":{"rendered":"El m\u00fasico y compositor mexicano Rams\u00e9s Luna contin\u00faa con el desarrollo de la Bit\u00e1cora de expedici\u00f3n en el sur del continente americano"},"content":{"rendered":"<p>El m\u00fasico y compositor mexicano Rams\u00e9s Luna contin\u00faa con el desarrollo de la Bit\u00e1cora de expedici\u00f3n en el sur del continente americano dedic\u00e1ndose a ENSE\u00d1AR, CONSTRUIR y DIFUNDIR para generar obra en tiempo real e irrepetible con el encuentro del m\u00fasico y director soundpainter mexicano.<\/p>\n<p>&nbsp;<\/p>\n<p>La semana pasada se trabaj\u00f3 con la Camerata Vocal de la Universidad de Valpara\u00edso con la que se realiz\u00f3 un concierto que fue transmitido en vivo por la Radio Valent\u00edn Letelier. Ahora toca viajar a las ciudades de Villarrica con la Orquesta Regional de Flautas de la Araucan\u00eda con apoyo de Crisol Celeste y la Fundaci\u00f3n Esfera Sur y se suma una actividad m\u00e1s con el Centro Cultural Municipal de Villarrica. Posteriormente har\u00e1 lo propio en la Ciudad de Valdivia con los integrantes de la Asociaci\u00f3n Agrupaci\u00f3n Musical Santa Cecilia. Dando fin a esta traves\u00eda en la Ciudad de Conc\u00f3n para intervenir con la comunidad aleda\u00f1a y conformar el Ensamble Comunitario de Conc\u00f3n.<\/p>\n","protected":false},"excerpt":{"rendered":"<p>El m\u00fasico y compositor mexicano Rams\u00e9s Luna contin\u00faa con el desarrollo de la Bit\u00e1cora de expedici\u00f3n en el sur del continente americano dedic\u00e1ndose a ENSE\u00d1AR, CONSTRUIR y DIFUNDIR para generar obra en tiempo real e irrepetible con el encuentro del m\u00fasico y director soundpainter mexicano. &nbsp; La semana pasada se trabaj\u00f3 con la Camerata Vocal [&hellip;]<\/p>\n","protected":false},"author":1,"featured_media":12409,"comment_status":"closed","ping_status":"closed","sticky":false,"template":"","format":"standard","meta":{"_monsterinsights_skip_tracking":false,"_monsterinsights_sitenote_active":false,"_monsterinsights_sitenote_note":"","_monsterinsights_sitenote_category":0,"footnotes":""},"categories":[53],"tags":[],"class_list":["post-12408","post","type-post","status-publish","format-standard","has-post-thumbnail","hentry","category-noticias-generales"],"lang":"es","translations":{"es":12408,"pt":12411},"pll_sync_post":[],"post_mailing_queue_ids":[],"_links":{"self":[{"href":"https:\/\/www.ibermusicas.org\/index.php\/wp-json\/wp\/v2\/posts\/12408","targetHints":{"allow":["GET"]}}],"collection":[{"href":"https:\/\/www.ibermusicas.org\/index.php\/wp-json\/wp\/v2\/posts"}],"about":[{"href":"https:\/\/www.ibermusicas.org\/index.php\/wp-json\/wp\/v2\/types\/post"}],"author":[{"embeddable":true,"href":"https:\/\/www.ibermusicas.org\/index.php\/wp-json\/wp\/v2\/users\/1"}],"replies":[{"embeddable":true,"href":"https:\/\/www.ibermusicas.org\/index.php\/wp-json\/wp\/v2\/comments?post=12408"}],"version-history":[{"count":0,"href":"https:\/\/www.ibermusicas.org\/index.php\/wp-json\/wp\/v2\/posts\/12408\/revisions"}],"wp:featuredmedia":[{"embeddable":true,"href":"https:\/\/www.ibermusicas.org\/index.php\/wp-json\/wp\/v2\/media\/12409"}],"wp:attachment":[{"href":"https:\/\/www.ibermusicas.org\/index.php\/wp-json\/wp\/v2\/media?parent=12408"}],"wp:term":[{"taxonomy":"category","embeddable":true,"href":"https:\/\/www.ibermusicas.org\/index.php\/wp-json\/wp\/v2\/categories?post=12408"},{"taxonomy":"post_tag","embeddable":true,"href":"https:\/\/www.ibermusicas.org\/index.php\/wp-json\/wp\/v2\/tags?post=12408"}],"curies":[{"name":"wp","href":"https:\/\/api.w.org\/{rel}","templated":true}]}}