{"id":12654,"date":"2022-07-29T17:38:55","date_gmt":"2022-07-29T17:38:55","guid":{"rendered":"https:\/\/www.ibermusicas.org\/?p=12654"},"modified":"2022-07-29T17:38:55","modified_gmt":"2022-07-29T17:38:55","slug":"desde-mexico-el-cmmas-continua-con-los-conciertos-de-la-edicion-2022-del-festival-perspectivas-sonoras-5","status":"publish","type":"post","link":"https:\/\/www.ibermusicas.org\/index.php\/desde-mexico-el-cmmas-continua-con-los-conciertos-de-la-edicion-2022-del-festival-perspectivas-sonoras-5\/","title":{"rendered":"Desde M\u00e9xico, el CMMAS contin\u00faa con los conciertos de la edici\u00f3n 2022 del Festival Perspectivas Sonoras"},"content":{"rendered":"<p>Perspectivas Sonoras 2022 es un ciclo de conciertos en l\u00ednea y mesas redondas a desarrollarse entre marzo y octubre de 2022, organizadas por el Centro Mexicano para la M\u00fasica y las Artes<\/p>\n<p>Sonoras. Se plantean 24 conciertos y 6 mesas redondas con 25 artistas internacionales. Cada concierto presentar\u00e1 entre 5 y 6 piezas dando un total de entre 120 y 150 obras, entre las que se incluir\u00e1n estrenos mundiales y en M\u00e9xico.<\/p>\n<p>&nbsp;<\/p>\n<p>Perspectivas Sonoras 2022 tiene como objetivos espec\u00edficos: promocionar y difundir la m\u00fasica y el arte sonoro iberoamericano, fomentar la creaci\u00f3n art\u00edstica, reanudar actividades art\u00edsticas del CMMAS y de los artistas latinoamericanos, contribuir a la reactivaci\u00f3n y fortalecimiento del desarrollo art\u00edstico en M\u00e9xico y dialogar, reflexionar e idear nuevas formas de desarrollo, exhibici\u00f3n, promoci\u00f3n de la m\u00fasica y el arte sonoro para el futuro.<\/p>\n<p>&nbsp;<\/p>\n<p>10 de agosto, 20 hs. Concierto Nonis Prado (M\u00e9xico)<\/p>\n<p>17 de agosto, 20 hs. Concierto Francisco Lapetina (Uruguay)<\/p>\n<p>24 de agosto 20 hs. Concierto Un Tr\u00edo El\u00e9ctrico (Ecuador)<\/p>\n<p>31 de agosto 20 hs. Concierto Ricardo Cuadros Pradilla (Colombia)<\/p>\n<p>&nbsp;<\/p>\n<p><a href=\"http:\/\/www.youtube.com\/c\/CMMASMx\">www.youtube.com\/c\/CMMASMx<\/a><\/p>\n<p><a href=\"https:\/\/en.cmmas.com\/perspectivas-sonoras\/\">https:\/\/en.cmmas.com\/perspectivas-sonoras\/<\/a><\/p>\n","protected":false},"excerpt":{"rendered":"<p>Perspectivas Sonoras 2022 es un ciclo de conciertos en l\u00ednea y mesas redondas a desarrollarse entre marzo y octubre de 2022, organizadas por el Centro Mexicano para la M\u00fasica y las Artes Sonoras. Se plantean 24 conciertos y 6 mesas redondas con 25 artistas internacionales. Cada concierto presentar\u00e1 entre 5 y 6 piezas dando un [&hellip;]<\/p>\n","protected":false},"author":1,"featured_media":12655,"comment_status":"closed","ping_status":"closed","sticky":false,"template":"","format":"standard","meta":{"_monsterinsights_skip_tracking":false,"_monsterinsights_sitenote_active":false,"_monsterinsights_sitenote_note":"","_monsterinsights_sitenote_category":0,"footnotes":""},"categories":[53],"tags":[],"class_list":["post-12654","post","type-post","status-publish","format-standard","has-post-thumbnail","hentry","category-noticias-generales"],"lang":"es","translations":{"es":12654,"pt":12658},"pll_sync_post":[],"post_mailing_queue_ids":[],"_links":{"self":[{"href":"https:\/\/www.ibermusicas.org\/index.php\/wp-json\/wp\/v2\/posts\/12654","targetHints":{"allow":["GET"]}}],"collection":[{"href":"https:\/\/www.ibermusicas.org\/index.php\/wp-json\/wp\/v2\/posts"}],"about":[{"href":"https:\/\/www.ibermusicas.org\/index.php\/wp-json\/wp\/v2\/types\/post"}],"author":[{"embeddable":true,"href":"https:\/\/www.ibermusicas.org\/index.php\/wp-json\/wp\/v2\/users\/1"}],"replies":[{"embeddable":true,"href":"https:\/\/www.ibermusicas.org\/index.php\/wp-json\/wp\/v2\/comments?post=12654"}],"version-history":[{"count":0,"href":"https:\/\/www.ibermusicas.org\/index.php\/wp-json\/wp\/v2\/posts\/12654\/revisions"}],"wp:featuredmedia":[{"embeddable":true,"href":"https:\/\/www.ibermusicas.org\/index.php\/wp-json\/wp\/v2\/media\/12655"}],"wp:attachment":[{"href":"https:\/\/www.ibermusicas.org\/index.php\/wp-json\/wp\/v2\/media?parent=12654"}],"wp:term":[{"taxonomy":"category","embeddable":true,"href":"https:\/\/www.ibermusicas.org\/index.php\/wp-json\/wp\/v2\/categories?post=12654"},{"taxonomy":"post_tag","embeddable":true,"href":"https:\/\/www.ibermusicas.org\/index.php\/wp-json\/wp\/v2\/tags?post=12654"}],"curies":[{"name":"wp","href":"https:\/\/api.w.org\/{rel}","templated":true}]}}