{"id":12658,"date":"2022-07-29T17:40:25","date_gmt":"2022-07-29T17:40:25","guid":{"rendered":"https:\/\/www.ibermusicas.org\/?p=12658"},"modified":"2022-07-29T17:40:25","modified_gmt":"2022-07-29T17:40:25","slug":"do-mexico-o-cmmas-continua-com-os-concertos-da-edicao-2022-do-festival-perspectivas-sonoras-5","status":"publish","type":"post","link":"https:\/\/www.ibermusicas.org\/index.php\/do-mexico-o-cmmas-continua-com-os-concertos-da-edicao-2022-do-festival-perspectivas-sonoras-5\/","title":{"rendered":"Do M\u00e9xico, o CMMAS continua com os concertos da edi\u00e7\u00e3o 2022 do Festival Perspectivas Sonoras"},"content":{"rendered":"<p>Perspectivas Sonoras 2022 \u00e9 um ciclo de concertos em linha e mesas redondas a desenvolver-se entre mar\u00e7o e outubro de 2022, organizadas pelo Centro Mexicano para a M\u00fasica e as Artes<\/p>\n<p>Sonoras. Apresentam-se 24 concertos e 6 mesas redondas com 25 artistas internacionais. Cada concerto apresentar\u00e1 entre 5 e 6 pe\u00e7as dando um total de 120 a 150 obras, incluindo estreias mundiais e no M\u00e9xico.<\/p>\n<p>&nbsp;<\/p>\n<p>Perspectivas Sonoras 2022 tem como objetivos espec\u00edficos: promover e difundir a m\u00fasica e a arte sonora ibero-americana, fomentar a cria\u00e7\u00e3o art\u00edstica, retomar atividades art\u00edsticas do CMMAS e dos artistas latino-americanos, contribuir para a reativa\u00e7\u00e3o e fortalecimento do desenvolvimento art\u00edstico no M\u00e9xico e dialogar, refletir e conceber novas formas de desenvolvimento, exibi\u00e7\u00e3o, promo\u00e7\u00e3o da m\u00fasica e a arte sonora para o futuro.<\/p>\n<p>&nbsp;<\/p>\n<p>10 de Agosto, 20 hs. Concerto Nonis Prado (M\u00e9xico)<\/p>\n<p>17 de Agosto, 20 hs. Concerto Francisco Lapetina (Uruguai)<\/p>\n<p>24 de Agosto, 20 hs. Concerto Un Tr\u00edo El\u00e9ctrico (Equador)<\/p>\n<p>31 de Agosto, 20 hs. Concerto de Ricardo Cuadros Pradilla (Col\u00f4mbia)<\/p>\n<p>&nbsp;<\/p>\n<p><a href=\"http:\/\/www.youtube.com\/c\/CMMASMx\">www.youtube.com\/c\/CMMASMx<\/a><\/p>\n<p><a href=\"https:\/\/en.cmmas.com\/perspectivas-sonoras\/\">https:\/\/en.cmmas.com\/perspectivas-sonoras\/<\/a><\/p>\n","protected":false},"excerpt":{"rendered":"<p>Perspectivas Sonoras 2022 \u00e9 um ciclo de concertos em linha e mesas redondas a desenvolver-se entre mar\u00e7o e outubro de 2022, organizadas pelo Centro Mexicano para a M\u00fasica e as Artes Sonoras. Apresentam-se 24 concertos e 6 mesas redondas com 25 artistas internacionais. Cada concerto apresentar\u00e1 entre 5 e 6 pe\u00e7as dando um total de [&hellip;]<\/p>\n","protected":false},"author":1,"featured_media":12655,"comment_status":"closed","ping_status":"closed","sticky":false,"template":"","format":"standard","meta":{"_monsterinsights_skip_tracking":false,"_monsterinsights_sitenote_active":false,"_monsterinsights_sitenote_note":"","_monsterinsights_sitenote_category":0,"footnotes":""},"categories":[218],"tags":[],"class_list":["post-12658","post","type-post","status-publish","format-standard","has-post-thumbnail","hentry","category-noticias-generales-pt"],"lang":"pt","translations":{"pt":12658,"es":12654},"pll_sync_post":[],"post_mailing_queue_ids":[],"_links":{"self":[{"href":"https:\/\/www.ibermusicas.org\/index.php\/wp-json\/wp\/v2\/posts\/12658","targetHints":{"allow":["GET"]}}],"collection":[{"href":"https:\/\/www.ibermusicas.org\/index.php\/wp-json\/wp\/v2\/posts"}],"about":[{"href":"https:\/\/www.ibermusicas.org\/index.php\/wp-json\/wp\/v2\/types\/post"}],"author":[{"embeddable":true,"href":"https:\/\/www.ibermusicas.org\/index.php\/wp-json\/wp\/v2\/users\/1"}],"replies":[{"embeddable":true,"href":"https:\/\/www.ibermusicas.org\/index.php\/wp-json\/wp\/v2\/comments?post=12658"}],"version-history":[{"count":0,"href":"https:\/\/www.ibermusicas.org\/index.php\/wp-json\/wp\/v2\/posts\/12658\/revisions"}],"wp:featuredmedia":[{"embeddable":true,"href":"https:\/\/www.ibermusicas.org\/index.php\/wp-json\/wp\/v2\/media\/12655"}],"wp:attachment":[{"href":"https:\/\/www.ibermusicas.org\/index.php\/wp-json\/wp\/v2\/media?parent=12658"}],"wp:term":[{"taxonomy":"category","embeddable":true,"href":"https:\/\/www.ibermusicas.org\/index.php\/wp-json\/wp\/v2\/categories?post=12658"},{"taxonomy":"post_tag","embeddable":true,"href":"https:\/\/www.ibermusicas.org\/index.php\/wp-json\/wp\/v2\/tags?post=12658"}],"curies":[{"name":"wp","href":"https:\/\/api.w.org\/{rel}","templated":true}]}}