{"id":12671,"date":"2022-07-29T17:58:20","date_gmt":"2022-07-29T17:58:20","guid":{"rendered":"https:\/\/www.ibermusicas.org\/?p=12671"},"modified":"2022-07-29T17:58:20","modified_gmt":"2022-07-29T17:58:20","slug":"se-realiza-una-nueva-edicion-de-trombonanza-el-encuentro-de-trombonistas-eufonistas-y-tubistas-de-santa-fe-argentina","status":"publish","type":"post","link":"https:\/\/www.ibermusicas.org\/index.php\/se-realiza-una-nueva-edicion-de-trombonanza-el-encuentro-de-trombonistas-eufonistas-y-tubistas-de-santa-fe-argentina\/","title":{"rendered":"Se realiza una nueva edici\u00f3n de Trombonanza!, el encuentro de trombonistas, eufonistas y tubistas de Santa Fe, Argentina"},"content":{"rendered":"<p>Del 1ero al 6 de agosto vuelve Trombonanza! Esta Fiesta Provincial que lleva m\u00e1s de 20 a\u00f1os realiz\u00e1ndose en Santa Fe convocar\u00e1 en esta edici\u00f3n n\u00famero 21 a los m\u00e1s importantes exponentes en todo el mundo del tromb\u00f3n, el eufonio y la tuba. Habr\u00e1 conciertos en los principales escenarios de la ciudad con entrada libre y gratuita para que puedan ser disfrutados por las y los ciudadanos de la Capital del Tromb\u00f3n. Vendr\u00e1n profesores y profesoras de Europa, EE UU, M\u00e9xico, Paraguay, Colombia y Argentina, como as\u00ed tambi\u00e9n participantes de casi todo el continente americano.<\/p>\n<p>&nbsp;<\/p>\n<p>Habr\u00e1n clases magistrales acerca de afinaci\u00f3n, balance, sonido, repertorio, improvisaci\u00f3n, tambi\u00e9n ensayos grupales, conciertos y recitales de m\u00fasica de c\u00e1mara, solista y camerata, solista y banda sinf\u00f3nica, solista y arpa, octeto de trombones, solista y orquesta sinf\u00f3nica, quinteto de jazz y latin jazz, solista y big band, en los principales teatros, auditorios y centros culturales de la ciudad de Santa Fe.<\/p>\n<p>&nbsp;<\/p>\n<p>Del 1ero al 6 de agosto en Escuela de M\u00fasica n\u00ba9901, ATE Casa Espa\u00f1a, Centro Cultural Provincial, Teatro Municipal, Paraninfo UNL, Ciudad de Santa Fe, Provincia de Santa Fe, Argentina.<\/p>\n","protected":false},"excerpt":{"rendered":"<p>Del 1ero al 6 de agosto vuelve Trombonanza! Esta Fiesta Provincial que lleva m\u00e1s de 20 a\u00f1os realiz\u00e1ndose en Santa Fe convocar\u00e1 en esta edici\u00f3n n\u00famero 21 a los m\u00e1s importantes exponentes en todo el mundo del tromb\u00f3n, el eufonio y la tuba. Habr\u00e1 conciertos en los principales escenarios de la ciudad con entrada libre [&hellip;]<\/p>\n","protected":false},"author":1,"featured_media":12673,"comment_status":"closed","ping_status":"closed","sticky":false,"template":"","format":"standard","meta":{"_monsterinsights_skip_tracking":false,"_monsterinsights_sitenote_active":false,"_monsterinsights_sitenote_note":"","_monsterinsights_sitenote_category":0,"footnotes":""},"categories":[53],"tags":[],"class_list":["post-12671","post","type-post","status-publish","format-standard","has-post-thumbnail","hentry","category-noticias-generales"],"lang":"es","translations":{"es":12671,"pt":12675},"pll_sync_post":[],"post_mailing_queue_ids":[],"_links":{"self":[{"href":"https:\/\/www.ibermusicas.org\/index.php\/wp-json\/wp\/v2\/posts\/12671","targetHints":{"allow":["GET"]}}],"collection":[{"href":"https:\/\/www.ibermusicas.org\/index.php\/wp-json\/wp\/v2\/posts"}],"about":[{"href":"https:\/\/www.ibermusicas.org\/index.php\/wp-json\/wp\/v2\/types\/post"}],"author":[{"embeddable":true,"href":"https:\/\/www.ibermusicas.org\/index.php\/wp-json\/wp\/v2\/users\/1"}],"replies":[{"embeddable":true,"href":"https:\/\/www.ibermusicas.org\/index.php\/wp-json\/wp\/v2\/comments?post=12671"}],"version-history":[{"count":0,"href":"https:\/\/www.ibermusicas.org\/index.php\/wp-json\/wp\/v2\/posts\/12671\/revisions"}],"wp:featuredmedia":[{"embeddable":true,"href":"https:\/\/www.ibermusicas.org\/index.php\/wp-json\/wp\/v2\/media\/12673"}],"wp:attachment":[{"href":"https:\/\/www.ibermusicas.org\/index.php\/wp-json\/wp\/v2\/media?parent=12671"}],"wp:term":[{"taxonomy":"category","embeddable":true,"href":"https:\/\/www.ibermusicas.org\/index.php\/wp-json\/wp\/v2\/categories?post=12671"},{"taxonomy":"post_tag","embeddable":true,"href":"https:\/\/www.ibermusicas.org\/index.php\/wp-json\/wp\/v2\/tags?post=12671"}],"curies":[{"name":"wp","href":"https:\/\/api.w.org\/{rel}","templated":true}]}}