{"id":12677,"date":"2022-07-29T18:03:30","date_gmt":"2022-07-29T18:03:30","guid":{"rendered":"https:\/\/www.ibermusicas.org\/?p=12677"},"modified":"2022-07-29T18:03:30","modified_gmt":"2022-07-29T18:03:30","slug":"el-festival-internacional-de-musica-de-alturas-fima-de-peru-realizara-la-clase-maestra-el-reto-de-traducir-al-quechua-conceptos-interculturales","status":"publish","type":"post","link":"https:\/\/www.ibermusicas.org\/index.php\/el-festival-internacional-de-musica-de-alturas-fima-de-peru-realizara-la-clase-maestra-el-reto-de-traducir-al-quechua-conceptos-interculturales\/","title":{"rendered":"El Festival Internacional de M\u00fasica de Alturas (FIMA) de Per\u00fa realizar\u00e1 la clase maestra \u201cEl reto de traducir al quechua conceptos interculturales\u201d"},"content":{"rendered":"<p>En el marco del Decenio Internacional de las Lenguas Ind\u00edgenas del Mundo (IDIL 2022-2032) y desde su experiencia como traductora del programa radial del FIMA \u201cAl son de la monta\u00f1as\u201d \/ \u201cUrqukunapa Takiynin\u201d del espa\u00f1ol al quechua, la antrop\u00f3loga y traductora Carmen Cazorla compartir\u00e1 el gran reto que representa ir m\u00e1s all\u00e1 de una traducci\u00f3n literal, lo que plantea una exigencia adicional de compromiso y responsabilidad hacia la poblaci\u00f3n oyente, en este caso quechuahablante.<\/p>\n<p>&nbsp;<\/p>\n<p>El ciclo de clases maestras 2022 se desarrolla en el marco del proyecto \u201cFIMA camino a la edici\u00f3n presencial\u201d, con el objetivo de profundizar en la cultura de monta\u00f1as y en el impacto social de la m\u00fasica de monta\u00f1as, alineadas a los Objetivos de Desarrollo Sostenible (ODS). Las clases maestras 2022 se realizan en coorganizaci\u00f3n con UNESCO Per\u00fa y cuentan con el auspicio de la Embajada de Suiza y el Fondo Cultural Suizo, y de la Embajada de Canad\u00e1.<\/p>\n<p>&nbsp;<\/p>\n<p>El FIMA es una iniciativa pionera peruana de la Asociaci\u00f3n Arte de Alturas, que acerca, promueve e integra la m\u00fasica y la cultura de monta\u00f1as del mundo. Ha realizado cuatro ediciones presenciales en Lima y regiones andinas (Cusco, Arequipa, Cajamarca y Ayacucho) y una en Austria (Leogang).<\/p>\n<p>&nbsp;<\/p>\n<p>S\u00e1bado 6 de agosto 18h (hora Per\u00fa)<\/p>\n<p>Inscripci\u00f3n:<a href=\"https:\/\/forms.gle\/E3ToacQWiqBJ6n8r5\"> https:\/\/forms.gle\/E3ToacQWiqBJ6n8r5<\/a><\/p>\n<p>Trasmisi\u00f3n: <a href=\"https:\/\/www.facebook.com\/festivaldealturas\">https:\/\/www.facebook.com\/festivaldealturas<\/a><\/p>\n","protected":false},"excerpt":{"rendered":"<p>En el marco del Decenio Internacional de las Lenguas Ind\u00edgenas del Mundo (IDIL 2022-2032) y desde su experiencia como traductora del programa radial del FIMA \u201cAl son de la monta\u00f1as\u201d \/ \u201cUrqukunapa Takiynin\u201d del espa\u00f1ol al quechua, la antrop\u00f3loga y traductora Carmen Cazorla compartir\u00e1 el gran reto que representa ir m\u00e1s all\u00e1 de una traducci\u00f3n [&hellip;]<\/p>\n","protected":false},"author":1,"featured_media":12678,"comment_status":"closed","ping_status":"closed","sticky":false,"template":"","format":"standard","meta":{"_monsterinsights_skip_tracking":false,"_monsterinsights_sitenote_active":false,"_monsterinsights_sitenote_note":"","_monsterinsights_sitenote_category":0,"footnotes":""},"categories":[53],"tags":[],"class_list":["post-12677","post","type-post","status-publish","format-standard","has-post-thumbnail","hentry","category-noticias-generales"],"lang":"es","translations":{"es":12677,"pt":12680},"pll_sync_post":[],"post_mailing_queue_ids":[],"_links":{"self":[{"href":"https:\/\/www.ibermusicas.org\/index.php\/wp-json\/wp\/v2\/posts\/12677","targetHints":{"allow":["GET"]}}],"collection":[{"href":"https:\/\/www.ibermusicas.org\/index.php\/wp-json\/wp\/v2\/posts"}],"about":[{"href":"https:\/\/www.ibermusicas.org\/index.php\/wp-json\/wp\/v2\/types\/post"}],"author":[{"embeddable":true,"href":"https:\/\/www.ibermusicas.org\/index.php\/wp-json\/wp\/v2\/users\/1"}],"replies":[{"embeddable":true,"href":"https:\/\/www.ibermusicas.org\/index.php\/wp-json\/wp\/v2\/comments?post=12677"}],"version-history":[{"count":0,"href":"https:\/\/www.ibermusicas.org\/index.php\/wp-json\/wp\/v2\/posts\/12677\/revisions"}],"wp:featuredmedia":[{"embeddable":true,"href":"https:\/\/www.ibermusicas.org\/index.php\/wp-json\/wp\/v2\/media\/12678"}],"wp:attachment":[{"href":"https:\/\/www.ibermusicas.org\/index.php\/wp-json\/wp\/v2\/media?parent=12677"}],"wp:term":[{"taxonomy":"category","embeddable":true,"href":"https:\/\/www.ibermusicas.org\/index.php\/wp-json\/wp\/v2\/categories?post=12677"},{"taxonomy":"post_tag","embeddable":true,"href":"https:\/\/www.ibermusicas.org\/index.php\/wp-json\/wp\/v2\/tags?post=12677"}],"curies":[{"name":"wp","href":"https:\/\/api.w.org\/{rel}","templated":true}]}}