{"id":12680,"date":"2022-07-29T18:05:18","date_gmt":"2022-07-29T18:05:18","guid":{"rendered":"https:\/\/www.ibermusicas.org\/?p=12680"},"modified":"2022-07-29T18:05:18","modified_gmt":"2022-07-29T18:05:18","slug":"o-festival-internacional-de-musica-das-terras-altas-fima-no-peru-ira-realizar-uma-master-class-sobre-o-desafio-de-traduzir-conceitos-interculturais-para-o-quechua","status":"publish","type":"post","link":"https:\/\/www.ibermusicas.org\/index.php\/o-festival-internacional-de-musica-das-terras-altas-fima-no-peru-ira-realizar-uma-master-class-sobre-o-desafio-de-traduzir-conceitos-interculturais-para-o-quechua\/","title":{"rendered":"O Festival Internacional de M\u00fasica das Terras Altas (FIMA) no Peru ir\u00e1 realizar uma master class sobre \u00abO desafio de traduzir conceitos interculturais para o quechua\u00bb."},"content":{"rendered":"<p>No \u00e2mbito da D\u00e9cada Internacional das L\u00ednguas Ind\u00edgenas do Mundo (IDIL 2022-2032) e com sua experi\u00eancia como tradutora do programa de r\u00e1dio da FIMA \u00abAl son de la monta\u00f1as\u00bb \/ \u00abUrqukunapa Takiynin\u00bb de espanhol para qu\u00edchua, a antrop\u00f3loga e tradutora Carmen Cazorla partilhar\u00e1 o grande desafio de ir al\u00e9m de uma tradu\u00e7\u00e3o literal, o que representa uma exig\u00eancia adicional de compromisso e responsabilidade para com a popula\u00e7\u00e3o ouvinte, neste caso falantes de quechua.<\/p>\n<p>&nbsp;<\/p>\n<p>O ciclo Masterclasses 2022 est\u00e1 a ser desenvolvido no \u00e2mbito do projecto \u00abFIMA na estrada para a edi\u00e7\u00e3o presencial\u00bb, com o objectivo de aprofundar a compreens\u00e3o da cultura de montanha e do impacto social da m\u00fasica de montanha, em conformidade com os Objectivos de Desenvolvimento Sustent\u00e1vel (ODS). As Masterclasses 2022 s\u00e3o co-organizadas com a UNESCO Peru e patrocinadas pela Embaixada Su\u00ed\u00e7a e pelo Fundo Cultural Su\u00ed\u00e7o, e pela Embaixada do Canad\u00e1.<\/p>\n<p>&nbsp;<\/p>\n<p>A FIMA \u00e9 uma iniciativa peruana pioneira da Associa\u00e7\u00e3o Arte de Alturas, que re\u00fane, promove e integra a m\u00fasica e a cultura das montanhas do mundo. Realizou quatro edi\u00e7\u00f5es em Lima e regi\u00f5es andinas (Cusco, Arequipa, Cajamarca e Ayacucho) e uma na \u00c1ustria (Leogang).<\/p>\n<p>&nbsp;<\/p>\n<p>&nbsp;<\/p>\n<p>S\u00e1bado 6 de Agosto 18h (hora peruana)<\/p>\n<p>Inscri\u00e7\u00e3o: <a href=\"https:\/\/forms.gle\/E3ToacQWiqBJ6n8r5\">https:\/\/forms.gle\/E3ToacQWiqBJ6n8r5<\/a><\/p>\n<p>Transmiss\u00e3o: <a href=\"https:\/\/www.facebook.com\/festivaldealturas\">https:\/\/www.facebook.com\/festivaldealturas<\/a><\/p>\n<p>&nbsp;<\/p>\n","protected":false},"excerpt":{"rendered":"<p>No \u00e2mbito da D\u00e9cada Internacional das L\u00ednguas Ind\u00edgenas do Mundo (IDIL 2022-2032) e com sua experi\u00eancia como tradutora do programa de r\u00e1dio da FIMA \u00abAl son de la monta\u00f1as\u00bb \/ \u00abUrqukunapa Takiynin\u00bb de espanhol para qu\u00edchua, a antrop\u00f3loga e tradutora Carmen Cazorla partilhar\u00e1 o grande desafio de ir al\u00e9m de uma tradu\u00e7\u00e3o literal, o que [&hellip;]<\/p>\n","protected":false},"author":1,"featured_media":12678,"comment_status":"closed","ping_status":"closed","sticky":false,"template":"","format":"standard","meta":{"_monsterinsights_skip_tracking":false,"_monsterinsights_sitenote_active":false,"_monsterinsights_sitenote_note":"","_monsterinsights_sitenote_category":0,"footnotes":""},"categories":[218],"tags":[],"class_list":["post-12680","post","type-post","status-publish","format-standard","has-post-thumbnail","hentry","category-noticias-generales-pt"],"lang":"pt","translations":{"pt":12680,"es":12677},"pll_sync_post":[],"post_mailing_queue_ids":[],"_links":{"self":[{"href":"https:\/\/www.ibermusicas.org\/index.php\/wp-json\/wp\/v2\/posts\/12680","targetHints":{"allow":["GET"]}}],"collection":[{"href":"https:\/\/www.ibermusicas.org\/index.php\/wp-json\/wp\/v2\/posts"}],"about":[{"href":"https:\/\/www.ibermusicas.org\/index.php\/wp-json\/wp\/v2\/types\/post"}],"author":[{"embeddable":true,"href":"https:\/\/www.ibermusicas.org\/index.php\/wp-json\/wp\/v2\/users\/1"}],"replies":[{"embeddable":true,"href":"https:\/\/www.ibermusicas.org\/index.php\/wp-json\/wp\/v2\/comments?post=12680"}],"version-history":[{"count":0,"href":"https:\/\/www.ibermusicas.org\/index.php\/wp-json\/wp\/v2\/posts\/12680\/revisions"}],"wp:featuredmedia":[{"embeddable":true,"href":"https:\/\/www.ibermusicas.org\/index.php\/wp-json\/wp\/v2\/media\/12678"}],"wp:attachment":[{"href":"https:\/\/www.ibermusicas.org\/index.php\/wp-json\/wp\/v2\/media?parent=12680"}],"wp:term":[{"taxonomy":"category","embeddable":true,"href":"https:\/\/www.ibermusicas.org\/index.php\/wp-json\/wp\/v2\/categories?post=12680"},{"taxonomy":"post_tag","embeddable":true,"href":"https:\/\/www.ibermusicas.org\/index.php\/wp-json\/wp\/v2\/tags?post=12680"}],"curies":[{"name":"wp","href":"https:\/\/api.w.org\/{rel}","templated":true}]}}