{"id":12692,"date":"2022-07-29T18:18:13","date_gmt":"2022-07-29T18:18:13","guid":{"rendered":"https:\/\/www.ibermusicas.org\/?p=12692"},"modified":"2022-08-30T18:26:40","modified_gmt":"2022-08-30T18:26:40","slug":"la-red-de-mujeres-musicas-colectiva-tsunami-de-mexico-presenta-su-primera-produccion-discografica","status":"publish","type":"post","link":"https:\/\/www.ibermusicas.org\/index.php\/la-red-de-mujeres-musicas-colectiva-tsunami-de-mexico-presenta-su-primera-produccion-discografica\/","title":{"rendered":"La\u00a0 red de mujeres m\u00fasicas Colectiva Tsunami de M\u00e9xico presenta su primera producci\u00f3n discogr\u00e1fica"},"content":{"rendered":"<p>La Colectiva Tsunami en colaboraci\u00f3n con la Jefatura de M\u00fasica y el Fideicomiso FEFCA de la Secretar\u00eda de Cultura de Jalisco convocan a las actividades del segundo Encuentro Tsunami a realizarse en la ciudad de Guadalajara, Jalisco, M\u00e9xico del 1 al 5 de agosto de 2022. Este a\u00f1o el Encuentro incluir\u00e1 un concierto, un conversatorio y una convocatoria abierta a mujeres instrumentistas y cantantes para conformar un ensamble musical.<\/p>\n<p>&nbsp;<\/p>\n<p>La Colectiva Tsunami es un red de mujeres m\u00fasicas mexicanas que radican en diversas partes del pa\u00eds y realizan actividades con perspectiva de g\u00e9nero en el \u00e1mbito musical. Este proyecto, surgido en 2020, nace de la necesidad de sus integrantes de generar redes de cooperaci\u00f3n y apoyo en relaci\u00f3n a su contexto. Adem\u00e1s de tocar m\u00fasica propia y de otras compositoras, se han abocado hacia la documentaci\u00f3n, investigaci\u00f3n, difusi\u00f3n y activismo sobre temas relacionados a las mujeres en la m\u00fasica y los feminismos.<\/p>\n<p>&nbsp;<\/p>\n<p>En este mes de agosto presentar\u00e1n su primera producci\u00f3n discogr\u00e1fica titulada Tsunami Sonoro que incluye m\u00fasica nueva de compositoras latinoamericanas y piezas propias de la Colectiva Tsunami. Las compositoras cuya m\u00fasica ser\u00e1 interpretada son: Macri C\u00e1ceres (Per\u00fa), Melissa Vargas y Ana Mar\u00eda Franco (Colombia), Valeria Romero (Argentina) y Valeria Rub\u00ed (M\u00e9xico). Adem\u00e1s, la directora cubana Ailyn Urquiza ser\u00e1 invitada a dirigir dos piezas durante el concierto, las cuales contar\u00e1n con la participaci\u00f3n especial de mujeres instrumentistas y cantantes que conformar\u00e1n el Ensamble Tsunami, con alrededor de 25 integrantes. Por otro lado, la Colectiva convocar\u00e1 a un conversatorio titulado Redes sonoras entre mujeres, pensado como un espacio de di\u00e1logo entre mujeres y agrupaciones organizadas de Guadalajara que cuestionan el sistema patriarcal a trav\u00e9s de sus pr\u00e1cticas sonoras y musicales.<\/p>\n<p>&nbsp;<\/p>\n<p>Lunes 1ero de agosto de 17:00 a 19:00 hs. Conversatorio Redes Sonoras entre Mujeres en el\u00a0 Sal\u00f3n de F\u00edsica del Edificio Arr\u00f3niz Zaragoza, 224, Centro, Guadalajara, Jalisco. M\u00e1s informaci\u00f3n y registro previo en: <a href=\"mailto:colectivatsunami@gmail.com\">colectivatsunami@gmail.com<\/a><\/p>\n<p>&nbsp;<\/p>\n<p>Del 2 al 5 de agosto: Convocatoria Ensamble Tsunami Invitaci\u00f3n abierta a mujeres instrumentistas y cantantes. Formulario para registrarse: <a href=\"https:\/\/bit.ly\/3B9QKm7\">https:\/\/bit.ly\/3B9QKm7<\/a><\/p>\n<p>&nbsp;<\/p>\n<p>5 de agosto 20:00 hs. Concierto de presentaci\u00f3n del disco Tsunami Sonoro. Teatro Alarife Mart\u00edn Casillas Guadalajara, Jalisco, M\u00e9xico. Avenida Prolongaci\u00f3n Alcalde 1351, Guadalajara, Jalisco. Boletos en <a href=\"http:\/\/www.voyalteatro.com\">www.voyalteatro.com<\/a><\/p>\n","protected":false},"excerpt":{"rendered":"<p>La Colectiva Tsunami en colaboraci\u00f3n con la Jefatura de M\u00fasica y el Fideicomiso FEFCA de la Secretar\u00eda de Cultura de Jalisco convocan a las actividades del segundo Encuentro Tsunami a realizarse en la ciudad de Guadalajara, Jalisco, M\u00e9xico del 1 al 5 de agosto de 2022. Este a\u00f1o el Encuentro incluir\u00e1 un concierto, un conversatorio [&hellip;]<\/p>\n","protected":false},"author":1,"featured_media":12693,"comment_status":"closed","ping_status":"closed","sticky":false,"template":"","format":"standard","meta":{"_monsterinsights_skip_tracking":false,"_monsterinsights_sitenote_active":false,"_monsterinsights_sitenote_note":"","_monsterinsights_sitenote_category":0,"footnotes":""},"categories":[53],"tags":[],"class_list":["post-12692","post","type-post","status-publish","format-standard","has-post-thumbnail","hentry","category-noticias-generales"],"lang":"es","translations":{"es":12692,"pt":12695},"pll_sync_post":[],"post_mailing_queue_ids":[],"_links":{"self":[{"href":"https:\/\/www.ibermusicas.org\/index.php\/wp-json\/wp\/v2\/posts\/12692","targetHints":{"allow":["GET"]}}],"collection":[{"href":"https:\/\/www.ibermusicas.org\/index.php\/wp-json\/wp\/v2\/posts"}],"about":[{"href":"https:\/\/www.ibermusicas.org\/index.php\/wp-json\/wp\/v2\/types\/post"}],"author":[{"embeddable":true,"href":"https:\/\/www.ibermusicas.org\/index.php\/wp-json\/wp\/v2\/users\/1"}],"replies":[{"embeddable":true,"href":"https:\/\/www.ibermusicas.org\/index.php\/wp-json\/wp\/v2\/comments?post=12692"}],"version-history":[{"count":0,"href":"https:\/\/www.ibermusicas.org\/index.php\/wp-json\/wp\/v2\/posts\/12692\/revisions"}],"wp:featuredmedia":[{"embeddable":true,"href":"https:\/\/www.ibermusicas.org\/index.php\/wp-json\/wp\/v2\/media\/12693"}],"wp:attachment":[{"href":"https:\/\/www.ibermusicas.org\/index.php\/wp-json\/wp\/v2\/media?parent=12692"}],"wp:term":[{"taxonomy":"category","embeddable":true,"href":"https:\/\/www.ibermusicas.org\/index.php\/wp-json\/wp\/v2\/categories?post=12692"},{"taxonomy":"post_tag","embeddable":true,"href":"https:\/\/www.ibermusicas.org\/index.php\/wp-json\/wp\/v2\/tags?post=12692"}],"curies":[{"name":"wp","href":"https:\/\/api.w.org\/{rel}","templated":true}]}}