{"id":12702,"date":"2022-07-29T18:42:17","date_gmt":"2022-07-29T18:42:17","guid":{"rendered":"https:\/\/www.ibermusicas.org\/?p=12702"},"modified":"2022-07-29T18:42:17","modified_gmt":"2022-07-29T18:42:17","slug":"la-cantante-y-compositora-erika-machado-lanza-un-ep-con-el-resultado-de-su-trabajo-creativo-realizado-desde-su-casa-en-portugal","status":"publish","type":"post","link":"https:\/\/www.ibermusicas.org\/index.php\/la-cantante-y-compositora-erika-machado-lanza-un-ep-con-el-resultado-de-su-trabajo-creativo-realizado-desde-su-casa-en-portugal\/","title":{"rendered":"La cantante y compositora \u00c9rika Machado lanza un EP con el resultado de su trabajo creativo realizado desde su casa en Portugal"},"content":{"rendered":"<p>Este proyecto ten\u00eda como objetivo registrar un EP compuesto y grabado entre febrero y abril de 2022 en la propia casa de \u00c9rika en un proceso compartido a trav\u00e9s de Instagram<\/p>\n<p>&nbsp;<\/p>\n<p>\u00abDevast\u00e9 mi jard\u00edn por ti\u00bb es un \u00e1lbum de tres canciones que se realizaron a lo largo de este proceso y que se lanzar\u00e1 en formato digital en las mejores plataformas de streaming el 21 de agosto. Ese mismo d\u00eda tendr\u00e1 lugar el concierto de presentaci\u00f3n del disco a las 18:00 horas (de Portugal) en el canal de Youtube de \u00c9rika, y poco despu\u00e9s del concierto se publicar\u00e1 el teledisco en el mismo canal y en las redes sociales (Facebook e Instagram). Devastei o meu jardim por voc\u00ea, Mandinga e Maria Joana son las tres canciones que componen el EP.<\/p>\n<p>&nbsp;<\/p>\n<p>Domingo 7 de agosto entre las 16:00 y las 18:00 horas, en directo en instagram @erika_machado<\/p>\n<p>&nbsp;<\/p>\n<p>Domingo 21 de agosto presentaci\u00f3n final y disco disponible en plataformas, lanzamiento de EP y video musical<\/p>\n<p>&nbsp;<\/p>\n<p><a href=\"https:\/\/youtube.com\/channel\/UC5nLEYwsp0pNBwZnWHwtaqg\">https:\/\/youtube.com\/channel\/UC5nLEYwsp0pNBwZnWHwtaqg<\/a><\/p>\n<p><a href=\"https:\/\/open.spotify.com\/artist\/2azT3x8NM60cQaZgvu8WIA\">https:\/\/open.spotify.com\/artist\/2azT3x8NM60cQaZgvu8WIA<\/a><\/p>\n","protected":false},"excerpt":{"rendered":"<p>Este proyecto ten\u00eda como objetivo registrar un EP compuesto y grabado entre febrero y abril de 2022 en la propia casa de \u00c9rika en un proceso compartido a trav\u00e9s de Instagram &nbsp; \u00abDevast\u00e9 mi jard\u00edn por ti\u00bb es un \u00e1lbum de tres canciones que se realizaron a lo largo de este proceso y que se [&hellip;]<\/p>\n","protected":false},"author":1,"featured_media":12703,"comment_status":"closed","ping_status":"closed","sticky":false,"template":"","format":"standard","meta":{"_monsterinsights_skip_tracking":false,"_monsterinsights_sitenote_active":false,"_monsterinsights_sitenote_note":"","_monsterinsights_sitenote_category":0,"footnotes":""},"categories":[53],"tags":[],"class_list":["post-12702","post","type-post","status-publish","format-standard","has-post-thumbnail","hentry","category-noticias-generales"],"lang":"es","translations":{"es":12702,"pt":12705},"pll_sync_post":[],"post_mailing_queue_ids":[],"_links":{"self":[{"href":"https:\/\/www.ibermusicas.org\/index.php\/wp-json\/wp\/v2\/posts\/12702","targetHints":{"allow":["GET"]}}],"collection":[{"href":"https:\/\/www.ibermusicas.org\/index.php\/wp-json\/wp\/v2\/posts"}],"about":[{"href":"https:\/\/www.ibermusicas.org\/index.php\/wp-json\/wp\/v2\/types\/post"}],"author":[{"embeddable":true,"href":"https:\/\/www.ibermusicas.org\/index.php\/wp-json\/wp\/v2\/users\/1"}],"replies":[{"embeddable":true,"href":"https:\/\/www.ibermusicas.org\/index.php\/wp-json\/wp\/v2\/comments?post=12702"}],"version-history":[{"count":0,"href":"https:\/\/www.ibermusicas.org\/index.php\/wp-json\/wp\/v2\/posts\/12702\/revisions"}],"wp:featuredmedia":[{"embeddable":true,"href":"https:\/\/www.ibermusicas.org\/index.php\/wp-json\/wp\/v2\/media\/12703"}],"wp:attachment":[{"href":"https:\/\/www.ibermusicas.org\/index.php\/wp-json\/wp\/v2\/media?parent=12702"}],"wp:term":[{"taxonomy":"category","embeddable":true,"href":"https:\/\/www.ibermusicas.org\/index.php\/wp-json\/wp\/v2\/categories?post=12702"},{"taxonomy":"post_tag","embeddable":true,"href":"https:\/\/www.ibermusicas.org\/index.php\/wp-json\/wp\/v2\/tags?post=12702"}],"curies":[{"name":"wp","href":"https:\/\/api.w.org\/{rel}","templated":true}]}}