{"id":12707,"date":"2022-07-29T18:47:04","date_gmt":"2022-07-29T18:47:04","guid":{"rendered":"https:\/\/www.ibermusicas.org\/?p=12707"},"modified":"2022-08-30T18:26:08","modified_gmt":"2022-08-30T18:26:08","slug":"las-asociaciones-orff-de-colombia-argentina-y-brasil-presentan-el-iii-encuentro-latinoamericano-de-musica-y-movimiento","status":"publish","type":"post","link":"https:\/\/www.ibermusicas.org\/index.php\/las-asociaciones-orff-de-colombia-argentina-y-brasil-presentan-el-iii-encuentro-latinoamericano-de-musica-y-movimiento\/","title":{"rendered":"Las Asociaciones Orff de Colombia, Argentina y Brasil presentan el III Encuentro Latinoamericano de M\u00fasica y Movimiento"},"content":{"rendered":"<p>A trav\u00e9s del III Encuentro Latinoamericano de M\u00fasica y Movimiento las Asociaciones Orff de Colombia, Argentina y Brasil buscan\u00a0 promover el uso e implementaci\u00f3n del repertorio de juegos y canciones infantiles tradicionales y folcl\u00f3ricas de distintas regiones de Sudam\u00e9rica compartiendo estrategias y materiales did\u00e1cticos para la ense\u00f1anza de la m\u00fasica y el movimiento basados en los principios del enfoque pedag\u00f3gico Orff-Schulwerk.<\/p>\n<p>&nbsp;<\/p>\n<p>La metodolog\u00eda de los encuentros ser\u00e1 una combinaci\u00f3n entre conversatorio y talleres pr\u00e1cticos virtuales donde todos los participantes ser\u00e1n invitados a realizar las actividades de manera individual o grupal. Luego de cada sesi\u00f3n se realizar\u00e1 una reflexi\u00f3n y repaso te\u00f3rico sobre los contenidos trabajados, su alcance, las estrategias pedag\u00f3gicas y did\u00e1cticas y las posibilidades de desarrollo o implementaci\u00f3n en diferentes grupos y realidades educativas. Este busca ser un espacio para la creaci\u00f3n, interacci\u00f3n y reflexi\u00f3n sobre los procesos educativos de la m\u00fasica y el movimiento.<\/p>\n<p>&nbsp;<\/p>\n<p>&nbsp;<\/p>\n<p>Mi\u00e9rcoles 3 de agosto: Magda Pucci (Brasil)<\/p>\n<p>&nbsp;<\/p>\n<p>S\u00e1bado 6 de agosto: Beatriz Serna y Catherine Correa (Colombia), Pati Oliveira (Brasil), Mariana Vergara y Tamara Figueroa (Argentina)<\/p>\n<p>&nbsp;<\/p>\n<p>S\u00e1bado 6 de agosto: Sandra Salcedo (Colombia), Juliana Cantarelli Vita (Brasil) y Nacho Propato (Argentina)<\/p>\n<p>&nbsp;<\/p>\n<p>S\u00e1bado 6 de agosto. Encuentro general<\/p>\n<p>&nbsp;<\/p>\n<p>Domingo 7 de agosto: Cristian G\u00f3mez (Colombia), Cristiane Ferronato (Brasil), Eliana Seinturia (Brasil) y Carla Grosso (Argentina)<\/p>\n<p>&nbsp;<\/p>\n<p>Domingo 7 de agosto. Cierre de evento<\/p>\n","protected":false},"excerpt":{"rendered":"<p>A trav\u00e9s del III Encuentro Latinoamericano de M\u00fasica y Movimiento las Asociaciones Orff de Colombia, Argentina y Brasil buscan\u00a0 promover el uso e implementaci\u00f3n del repertorio de juegos y canciones infantiles tradicionales y folcl\u00f3ricas de distintas regiones de Sudam\u00e9rica compartiendo estrategias y materiales did\u00e1cticos para la ense\u00f1anza de la m\u00fasica y el movimiento basados en [&hellip;]<\/p>\n","protected":false},"author":1,"featured_media":12708,"comment_status":"closed","ping_status":"closed","sticky":false,"template":"","format":"standard","meta":{"_monsterinsights_skip_tracking":false,"_monsterinsights_sitenote_active":false,"_monsterinsights_sitenote_note":"","_monsterinsights_sitenote_category":0,"footnotes":""},"categories":[53],"tags":[],"class_list":["post-12707","post","type-post","status-publish","format-standard","has-post-thumbnail","hentry","category-noticias-generales"],"lang":"es","translations":{"es":12707,"pt":12710},"pll_sync_post":[],"post_mailing_queue_ids":[],"_links":{"self":[{"href":"https:\/\/www.ibermusicas.org\/index.php\/wp-json\/wp\/v2\/posts\/12707","targetHints":{"allow":["GET"]}}],"collection":[{"href":"https:\/\/www.ibermusicas.org\/index.php\/wp-json\/wp\/v2\/posts"}],"about":[{"href":"https:\/\/www.ibermusicas.org\/index.php\/wp-json\/wp\/v2\/types\/post"}],"author":[{"embeddable":true,"href":"https:\/\/www.ibermusicas.org\/index.php\/wp-json\/wp\/v2\/users\/1"}],"replies":[{"embeddable":true,"href":"https:\/\/www.ibermusicas.org\/index.php\/wp-json\/wp\/v2\/comments?post=12707"}],"version-history":[{"count":0,"href":"https:\/\/www.ibermusicas.org\/index.php\/wp-json\/wp\/v2\/posts\/12707\/revisions"}],"wp:featuredmedia":[{"embeddable":true,"href":"https:\/\/www.ibermusicas.org\/index.php\/wp-json\/wp\/v2\/media\/12708"}],"wp:attachment":[{"href":"https:\/\/www.ibermusicas.org\/index.php\/wp-json\/wp\/v2\/media?parent=12707"}],"wp:term":[{"taxonomy":"category","embeddable":true,"href":"https:\/\/www.ibermusicas.org\/index.php\/wp-json\/wp\/v2\/categories?post=12707"},{"taxonomy":"post_tag","embeddable":true,"href":"https:\/\/www.ibermusicas.org\/index.php\/wp-json\/wp\/v2\/tags?post=12707"}],"curies":[{"name":"wp","href":"https:\/\/api.w.org\/{rel}","templated":true}]}}