{"id":12710,"date":"2022-07-29T18:53:14","date_gmt":"2022-07-29T18:53:14","guid":{"rendered":"https:\/\/www.ibermusicas.org\/?p=12710"},"modified":"2022-08-30T18:29:44","modified_gmt":"2022-08-30T18:29:44","slug":"as-associacoes-orff-da-colombia-argentina-e-brasil-apresentam-o-iii-encontro-latino-americano-de-musica-e-movimento","status":"publish","type":"post","link":"https:\/\/www.ibermusicas.org\/index.php\/as-associacoes-orff-da-colombia-argentina-e-brasil-apresentam-o-iii-encontro-latino-americano-de-musica-e-movimento\/","title":{"rendered":"As Associa\u00e7\u00f5es Orff da Col\u00f4mbia, Argentina e Brasil apresentam o III Encontro Latino-Americano de M\u00fasica e Movimento"},"content":{"rendered":"<p>Atrav\u00e9s do III Encontro Latino-Americano de M\u00fasica e Movimento as Associa\u00e7\u00f5es Orff da Col\u00f4mbia, Argentina e Brasil procuram promover a utiliza\u00e7\u00e3o e implementa\u00e7\u00e3o do repert\u00f3rio de jogos e can\u00e7\u00f5es infantis tradicionais e folcl\u00f3ricas de diferentes regi\u00f5es da Am\u00e9rica do Sul, partilhando estrat\u00e9gias e materiais did\u00e1cticos para o ensino de m\u00fasica e movimento baseados nos princ\u00edpios da abordagem pedag\u00f3gica da Orff-Schulwerk.<\/p>\n<p>&nbsp;<\/p>\n<p>A metodologia das reuni\u00f5es ser\u00e1 uma combina\u00e7\u00e3o de discuss\u00e3o e workshops virtuais onde todos os participantes ser\u00e3o convidados a realizar as atividades individualmente ou em grupo. Ap\u00f3s cada sess\u00e3o haver\u00e1 uma reflex\u00e3o e revis\u00e3o te\u00f3rica dos conte\u00fados trabalhados, do seu alcance, das estrat\u00e9gias pedag\u00f3gicas e did\u00e1cticas e das possibilidades de desenvolvimento ou implementa\u00e7\u00e3o em diferentes grupos e realidades educativas. Isto pretende ser um espa\u00e7o de cria\u00e7\u00e3o, intera\u00e7\u00e3o e reflex\u00e3o sobre os processos educativos da m\u00fasica e do movimento.<\/p>\n<p>&nbsp;<\/p>\n<p>&nbsp;<\/p>\n<p>Quarta-feira 3 de Agosto: Magda Pucci (Brasil)<\/p>\n<p>&nbsp;<\/p>\n<p>S\u00e1bado 6 de Agosto: Beatriz Serna e Catherine Correa (Col\u00f4mbia), Pati Oliveira (Brasil), Mariana Vergara e Tamara Figueroa (Argentina)<\/p>\n<p>&nbsp;<\/p>\n<p>S\u00e1bado 6 de Agosto: Sandra Salcedo (Col\u00f4mbia), Juliana Cantarelli Vita (Brasil) e Nacho Propato (Argentina)<\/p>\n<p>&nbsp;<\/p>\n<p>S\u00e1bado, 6 de Agosto. Encontro Geral<\/p>\n<p>&nbsp;<\/p>\n<p>Domingo, 7 de Agosto: Cristian G\u00f3mez (Col\u00f4mbia), Cristiane Ferronato (Brasil), Eliana Seinturia (Brasil) e Carla Grosso (Argentina).<\/p>\n<p>&nbsp;<\/p>\n<p>Domingo 7 de Agosto. Encerramento do evento<\/p>\n","protected":false},"excerpt":{"rendered":"<p>Atrav\u00e9s do III Encontro Latino-Americano de M\u00fasica e Movimento as Associa\u00e7\u00f5es Orff da Col\u00f4mbia, Argentina e Brasil procuram promover a utiliza\u00e7\u00e3o e implementa\u00e7\u00e3o do repert\u00f3rio de jogos e can\u00e7\u00f5es infantis tradicionais e folcl\u00f3ricas de diferentes regi\u00f5es da Am\u00e9rica do Sul, partilhando estrat\u00e9gias e materiais did\u00e1cticos para o ensino de m\u00fasica e movimento baseados nos princ\u00edpios [&hellip;]<\/p>\n","protected":false},"author":1,"featured_media":12708,"comment_status":"closed","ping_status":"closed","sticky":false,"template":"","format":"standard","meta":{"_monsterinsights_skip_tracking":false,"_monsterinsights_sitenote_active":false,"_monsterinsights_sitenote_note":"","_monsterinsights_sitenote_category":0,"footnotes":""},"categories":[218],"tags":[],"class_list":["post-12710","post","type-post","status-publish","format-standard","has-post-thumbnail","hentry","category-noticias-generales-pt"],"lang":"pt","translations":{"pt":12710,"es":12707},"pll_sync_post":[],"post_mailing_queue_ids":[],"_links":{"self":[{"href":"https:\/\/www.ibermusicas.org\/index.php\/wp-json\/wp\/v2\/posts\/12710","targetHints":{"allow":["GET"]}}],"collection":[{"href":"https:\/\/www.ibermusicas.org\/index.php\/wp-json\/wp\/v2\/posts"}],"about":[{"href":"https:\/\/www.ibermusicas.org\/index.php\/wp-json\/wp\/v2\/types\/post"}],"author":[{"embeddable":true,"href":"https:\/\/www.ibermusicas.org\/index.php\/wp-json\/wp\/v2\/users\/1"}],"replies":[{"embeddable":true,"href":"https:\/\/www.ibermusicas.org\/index.php\/wp-json\/wp\/v2\/comments?post=12710"}],"version-history":[{"count":0,"href":"https:\/\/www.ibermusicas.org\/index.php\/wp-json\/wp\/v2\/posts\/12710\/revisions"}],"wp:featuredmedia":[{"embeddable":true,"href":"https:\/\/www.ibermusicas.org\/index.php\/wp-json\/wp\/v2\/media\/12708"}],"wp:attachment":[{"href":"https:\/\/www.ibermusicas.org\/index.php\/wp-json\/wp\/v2\/media?parent=12710"}],"wp:term":[{"taxonomy":"category","embeddable":true,"href":"https:\/\/www.ibermusicas.org\/index.php\/wp-json\/wp\/v2\/categories?post=12710"},{"taxonomy":"post_tag","embeddable":true,"href":"https:\/\/www.ibermusicas.org\/index.php\/wp-json\/wp\/v2\/tags?post=12710"}],"curies":[{"name":"wp","href":"https:\/\/api.w.org\/{rel}","templated":true}]}}