{"id":12712,"date":"2022-07-29T18:58:15","date_gmt":"2022-07-29T18:58:15","guid":{"rendered":"https:\/\/www.ibermusicas.org\/?p=12712"},"modified":"2022-07-29T18:58:15","modified_gmt":"2022-07-29T18:58:15","slug":"la-pianista-cantante-y-compositora-brasilena-clarice-assad-se-presentara-en-el-porto-piano-fest-de-portugal","status":"publish","type":"post","link":"https:\/\/www.ibermusicas.org\/index.php\/la-pianista-cantante-y-compositora-brasilena-clarice-assad-se-presentara-en-el-porto-piano-fest-de-portugal\/","title":{"rendered":"La pianista, cantante y compositora brasile\u00f1a Clarice Assad se presentar\u00e1 en el Porto Piano Fest de Portugal"},"content":{"rendered":"<p>Compositora, pianista, vocalista y pedagoga nominada a los premios Grammy y reconocida por su amplitud y versatilidad musical, la brasile\u00f1a\/americana Clarice Assad es una importante voz art\u00edstica de la m\u00fasica cl\u00e1sica, la world music, el pop y el jazz. C\u00e9lebre pianista y vocalista imaginativa, es conocida por sus colores evocadores, sus ricas texturas y su variada gama estil\u00edstica.<\/p>\n<p>&nbsp;<\/p>\n<p>Nacida en R\u00edo de Janeiro, Clarice Assad es una de las compositoras brasile\u00f1as m\u00e1s interpretadas de su generaci\u00f3n. Con m\u00e1s de 70 obras en su haber, sus composiciones han sido grabadas por algunos de los nombres m\u00e1s destacados de la m\u00fasica cl\u00e1sica, como la percusionista Dame Evelyn Glennie, el chelista YoYo Ma, la violinista Nadja Salerno-Sonnenberg y el obo\u00edsta Liang Wang.<\/p>\n<p>&nbsp;<\/p>\n<p>La m\u00fasica de Assad ha sido interpretada por orquestas de renombre internacional, como la Orquesta de Filadelfia, la Sinf\u00f3nica de Tokio, la Sinf\u00f3nica de Queensland y la Orquesta Sinf\u00f3nica de S\u00e3o Paulo. Clarice Assad ha sido compositora residente de la Albany Symphony, el Cabrillo Festival of Contemporary Music, la New Century Chamber Orchestra y la BostonLandmarks Orchestra.<\/p>\n<p>&nbsp;<\/p>\n<p>Como int\u00e9rprete, Clarice ha compartido escenario con artistas como Bobby McFerrin, Anat Cohen, Nadia Sirota, Paquito D&#8217;Rivera, Tom Harrell, Marilyn Mazur y Mike Marshall, entre otros destacados m\u00fasicos.<\/p>\n<p>&nbsp;<\/p>\n<p>Viernes 1 de agosto, 19:30 h. Porto pianofest, Casa da M\u00fasica, Oporto, Portugal<\/p>\n","protected":false},"excerpt":{"rendered":"<p>Compositora, pianista, vocalista y pedagoga nominada a los premios Grammy y reconocida por su amplitud y versatilidad musical, la brasile\u00f1a\/americana Clarice Assad es una importante voz art\u00edstica de la m\u00fasica cl\u00e1sica, la world music, el pop y el jazz. C\u00e9lebre pianista y vocalista imaginativa, es conocida por sus colores evocadores, sus ricas texturas y su [&hellip;]<\/p>\n","protected":false},"author":1,"featured_media":12713,"comment_status":"closed","ping_status":"closed","sticky":false,"template":"","format":"standard","meta":{"_monsterinsights_skip_tracking":false,"_monsterinsights_sitenote_active":false,"_monsterinsights_sitenote_note":"","_monsterinsights_sitenote_category":0,"footnotes":""},"categories":[53],"tags":[],"class_list":["post-12712","post","type-post","status-publish","format-standard","has-post-thumbnail","hentry","category-noticias-generales"],"lang":"es","translations":{"es":12712,"pt":12715},"pll_sync_post":[],"post_mailing_queue_ids":[],"_links":{"self":[{"href":"https:\/\/www.ibermusicas.org\/index.php\/wp-json\/wp\/v2\/posts\/12712","targetHints":{"allow":["GET"]}}],"collection":[{"href":"https:\/\/www.ibermusicas.org\/index.php\/wp-json\/wp\/v2\/posts"}],"about":[{"href":"https:\/\/www.ibermusicas.org\/index.php\/wp-json\/wp\/v2\/types\/post"}],"author":[{"embeddable":true,"href":"https:\/\/www.ibermusicas.org\/index.php\/wp-json\/wp\/v2\/users\/1"}],"replies":[{"embeddable":true,"href":"https:\/\/www.ibermusicas.org\/index.php\/wp-json\/wp\/v2\/comments?post=12712"}],"version-history":[{"count":0,"href":"https:\/\/www.ibermusicas.org\/index.php\/wp-json\/wp\/v2\/posts\/12712\/revisions"}],"wp:featuredmedia":[{"embeddable":true,"href":"https:\/\/www.ibermusicas.org\/index.php\/wp-json\/wp\/v2\/media\/12713"}],"wp:attachment":[{"href":"https:\/\/www.ibermusicas.org\/index.php\/wp-json\/wp\/v2\/media?parent=12712"}],"wp:term":[{"taxonomy":"category","embeddable":true,"href":"https:\/\/www.ibermusicas.org\/index.php\/wp-json\/wp\/v2\/categories?post=12712"},{"taxonomy":"post_tag","embeddable":true,"href":"https:\/\/www.ibermusicas.org\/index.php\/wp-json\/wp\/v2\/tags?post=12712"}],"curies":[{"name":"wp","href":"https:\/\/api.w.org\/{rel}","templated":true}]}}