{"id":12717,"date":"2022-07-29T19:04:30","date_gmt":"2022-07-29T19:04:30","guid":{"rendered":"https:\/\/www.ibermusicas.org\/?p=12717"},"modified":"2022-08-30T18:26:00","modified_gmt":"2022-08-30T18:26:00","slug":"el-grupo-costarricense-insax-lanza-etnia-su-mas-reciente-produccion","status":"publish","type":"post","link":"https:\/\/www.ibermusicas.org\/index.php\/el-grupo-costarricense-insax-lanza-etnia-su-mas-reciente-produccion\/","title":{"rendered":"El grupo costarricense InSax lanza Etnia, su m\u00e1s reciente producci\u00f3n"},"content":{"rendered":"<p>El grupo costarricense InSax lanza una nueva producci\u00f3n de material original, que recopila ritmos y cantos \u00e9tnicos de ind\u00edgenas y cantautores latinoamericanos. InSax, con sus m\u00faltiples instrumentos de viento, bajo, pads y programaciones, toma como base melod\u00edas preexistentes creando una nueva pieza con un sonido moderno. Esta producci\u00f3n musical muestra la esencia del grupo que procura con su m\u00fasica el alcanzar una mejor sociedad en beneficio del medio ambiente y los recursos naturales. En esta ocasi\u00f3n buscan impulsar, dar a conocer y rescatar cantos de comunidades, muy ricas en cultura y costumbres, pero a la vez muchas de ellas vulnerables y olvidadas, como lo son las etnias ind\u00edgenas.<\/p>\n<p>&nbsp;<\/p>\n<p>El grupo tom\u00f3 cantos ind\u00edgenas y composiciones de artistas de Costa Rica, Venezuela y Honduras para crear una fusi\u00f3n que conserva la esencia de los temas originales, adaptadas al estilo propio de InSax.<\/p>\n<p>&nbsp;<\/p>\n<p>15 de agosto lanzamiento en plataformas digitales <a href=\"https:\/\/www.facebook.com\/InSaxcr\">https:\/\/www.facebook.com\/InSaxcr<\/a><\/p>\n","protected":false},"excerpt":{"rendered":"<p>El grupo costarricense InSax lanza una nueva producci\u00f3n de material original, que recopila ritmos y cantos \u00e9tnicos de ind\u00edgenas y cantautores latinoamericanos. InSax, con sus m\u00faltiples instrumentos de viento, bajo, pads y programaciones, toma como base melod\u00edas preexistentes creando una nueva pieza con un sonido moderno. Esta producci\u00f3n musical muestra la esencia del grupo que [&hellip;]<\/p>\n","protected":false},"author":1,"featured_media":12718,"comment_status":"closed","ping_status":"closed","sticky":false,"template":"","format":"standard","meta":{"_monsterinsights_skip_tracking":false,"_monsterinsights_sitenote_active":false,"_monsterinsights_sitenote_note":"","_monsterinsights_sitenote_category":0,"footnotes":""},"categories":[53],"tags":[],"class_list":["post-12717","post","type-post","status-publish","format-standard","has-post-thumbnail","hentry","category-noticias-generales"],"lang":"es","translations":{"es":12717,"pt":12720},"pll_sync_post":[],"post_mailing_queue_ids":[],"_links":{"self":[{"href":"https:\/\/www.ibermusicas.org\/index.php\/wp-json\/wp\/v2\/posts\/12717","targetHints":{"allow":["GET"]}}],"collection":[{"href":"https:\/\/www.ibermusicas.org\/index.php\/wp-json\/wp\/v2\/posts"}],"about":[{"href":"https:\/\/www.ibermusicas.org\/index.php\/wp-json\/wp\/v2\/types\/post"}],"author":[{"embeddable":true,"href":"https:\/\/www.ibermusicas.org\/index.php\/wp-json\/wp\/v2\/users\/1"}],"replies":[{"embeddable":true,"href":"https:\/\/www.ibermusicas.org\/index.php\/wp-json\/wp\/v2\/comments?post=12717"}],"version-history":[{"count":0,"href":"https:\/\/www.ibermusicas.org\/index.php\/wp-json\/wp\/v2\/posts\/12717\/revisions"}],"wp:featuredmedia":[{"embeddable":true,"href":"https:\/\/www.ibermusicas.org\/index.php\/wp-json\/wp\/v2\/media\/12718"}],"wp:attachment":[{"href":"https:\/\/www.ibermusicas.org\/index.php\/wp-json\/wp\/v2\/media?parent=12717"}],"wp:term":[{"taxonomy":"category","embeddable":true,"href":"https:\/\/www.ibermusicas.org\/index.php\/wp-json\/wp\/v2\/categories?post=12717"},{"taxonomy":"post_tag","embeddable":true,"href":"https:\/\/www.ibermusicas.org\/index.php\/wp-json\/wp\/v2\/tags?post=12717"}],"curies":[{"name":"wp","href":"https:\/\/api.w.org\/{rel}","templated":true}]}}