{"id":12727,"date":"2022-07-29T19:16:18","date_gmt":"2022-07-29T19:16:18","guid":{"rendered":"https:\/\/www.ibermusicas.org\/?p=12727"},"modified":"2022-07-29T19:16:18","modified_gmt":"2022-07-29T19:16:18","slug":"se-realizara-el-xvii-encuentro-internacional-de-guitarra-panama-2022","status":"publish","type":"post","link":"https:\/\/www.ibermusicas.org\/index.php\/se-realizara-el-xvii-encuentro-internacional-de-guitarra-panama-2022\/","title":{"rendered":"Se realizar\u00e1 el XVII Encuentro Internacional de Guitarra Panam\u00e1 2022"},"content":{"rendered":"<p>Con la presencia de grandes guitarristas de Chile, M\u00e9xico, Costa Rica, Argentina, Rusia y Panam\u00e1 se desarrollar\u00e1 en tres ciudades de Panam\u00e1 el XVII Encuentro Internacional de Guitarra, Panam\u00e1 2022. Las actividades incluyen: talleres de t\u00e9cnica, clases maestras, concurso nacional, orquesta de guitarras y recitales.<\/p>\n<p>&nbsp;<\/p>\n<p>Del 10 al 12 de agosto, Teatro Gladys Vidal (Ciudad de Panam\u00e1)<\/p>\n<p>13 de agosto, Santa Fe (Veraguas)<\/p>\n<p>14 de agosto, Boquete (Chiquir\u00ed)<\/p>\n<p>&nbsp;<\/p>\n<p><u>https:\/\/www.facebook.com\/Panama-Guitar-Festival-389552641143081<\/u><\/p>\n","protected":false},"excerpt":{"rendered":"<p>Con la presencia de grandes guitarristas de Chile, M\u00e9xico, Costa Rica, Argentina, Rusia y Panam\u00e1 se desarrollar\u00e1 en tres ciudades de Panam\u00e1 el XVII Encuentro Internacional de Guitarra, Panam\u00e1 2022. Las actividades incluyen: talleres de t\u00e9cnica, clases maestras, concurso nacional, orquesta de guitarras y recitales. &nbsp; Del 10 al 12 de agosto, Teatro Gladys Vidal [&hellip;]<\/p>\n","protected":false},"author":1,"featured_media":12728,"comment_status":"closed","ping_status":"closed","sticky":false,"template":"","format":"standard","meta":{"_monsterinsights_skip_tracking":false,"_monsterinsights_sitenote_active":false,"_monsterinsights_sitenote_note":"","_monsterinsights_sitenote_category":0,"footnotes":""},"categories":[53],"tags":[],"class_list":["post-12727","post","type-post","status-publish","format-standard","has-post-thumbnail","hentry","category-noticias-generales"],"lang":"es","translations":{"es":12727,"pt":12730},"pll_sync_post":[],"post_mailing_queue_ids":[],"_links":{"self":[{"href":"https:\/\/www.ibermusicas.org\/index.php\/wp-json\/wp\/v2\/posts\/12727","targetHints":{"allow":["GET"]}}],"collection":[{"href":"https:\/\/www.ibermusicas.org\/index.php\/wp-json\/wp\/v2\/posts"}],"about":[{"href":"https:\/\/www.ibermusicas.org\/index.php\/wp-json\/wp\/v2\/types\/post"}],"author":[{"embeddable":true,"href":"https:\/\/www.ibermusicas.org\/index.php\/wp-json\/wp\/v2\/users\/1"}],"replies":[{"embeddable":true,"href":"https:\/\/www.ibermusicas.org\/index.php\/wp-json\/wp\/v2\/comments?post=12727"}],"version-history":[{"count":0,"href":"https:\/\/www.ibermusicas.org\/index.php\/wp-json\/wp\/v2\/posts\/12727\/revisions"}],"wp:featuredmedia":[{"embeddable":true,"href":"https:\/\/www.ibermusicas.org\/index.php\/wp-json\/wp\/v2\/media\/12728"}],"wp:attachment":[{"href":"https:\/\/www.ibermusicas.org\/index.php\/wp-json\/wp\/v2\/media?parent=12727"}],"wp:term":[{"taxonomy":"category","embeddable":true,"href":"https:\/\/www.ibermusicas.org\/index.php\/wp-json\/wp\/v2\/categories?post=12727"},{"taxonomy":"post_tag","embeddable":true,"href":"https:\/\/www.ibermusicas.org\/index.php\/wp-json\/wp\/v2\/tags?post=12727"}],"curies":[{"name":"wp","href":"https:\/\/api.w.org\/{rel}","templated":true}]}}